{"id":222,"date":"2022-12-20T16:25:01","date_gmt":"2022-12-20T21:25:01","guid":{"rendered":"https:\/\/patadepeektravel.com\/blog\/?p=222"},"modified":"2023-07-21T12:37:17","modified_gmt":"2023-07-21T17:37:17","slug":"que-hacer-en-cancun","status":"publish","type":"post","link":"https:\/\/patadepeektravel.com\/blog\/que-hacer-en-cancun\/","title":{"rendered":"Que hacer en canc\u00fan 2026"},"content":{"rendered":"<div style='text-align:right' class='yasr-auto-insert-visitor'><\/div>\t\t<div data-elementor-type=\"wp-post\" data-elementor-id=\"222\" class=\"elementor elementor-222\" data-elementor-post-type=\"post\">\n\t\t\t\t\t\t<section class=\"elementor-section elementor-top-section elementor-element elementor-element-a29b3d3 elementor-section-boxed elementor-section-height-default elementor-section-height-default\" data-id=\"a29b3d3\" data-element_type=\"section\">\n\t\t\t\t\t\t<div class=\"elementor-container elementor-column-gap-default\">\n\t\t\t\t\t<div class=\"elementor-column elementor-col-100 elementor-top-column elementor-element elementor-element-69c9b61\" data-id=\"69c9b61\" data-element_type=\"column\">\n\t\t\t<div class=\"elementor-widget-wrap elementor-element-populated\">\n\t\t\t\t\t\t<div class=\"elementor-element elementor-element-d5b84ce elementor-widget elementor-widget-text-editor\" data-id=\"d5b84ce\" data-element_type=\"widget\" data-widget_type=\"text-editor.default\">\n\t\t\t\t<div class=\"elementor-widget-container\">\n\t\t\t\t\t\t\t\t\t<p>Tal vez ya est\u00e9s planeando tus pr\u00f3ximas vacaciones y en tu mente esta pasando disfrutar del caribe mexicano pero no solo quieres viajar sin tener un plan y lo que quieres es disfrutar al m\u00e1ximo los d\u00edas que est\u00e9s aqu\u00ed, pues haz llegado al sitio correcto en donde te mostraremos lo mejor que puedes hacer en canc\u00fan, que lugares visitar o incluso recomendarte algunos tours baratos que te llenaran de alegr\u00eda alimentando ese esp\u00edritu aventurero que traes dentro de ti.<\/p><div id=\"ez-toc-container\" class=\"ez-toc-v2_0_80 counter-hierarchy ez-toc-counter ez-toc-grey ez-toc-container-direction\">\n<div class=\"ez-toc-title-container\">\n<p class=\"ez-toc-title\" style=\"cursor:inherit\">\u00cdndice<\/p>\n<span class=\"ez-toc-title-toggle\"><a href=\"#\" class=\"ez-toc-pull-right ez-toc-btn ez-toc-btn-xs ez-toc-btn-default ez-toc-toggle\" aria-label=\"Toggle Table of Content\"><span class=\"ez-toc-js-icon-con\"><span class=\"\"><span class=\"eztoc-hide\" style=\"display:none;\">Toggle<\/span><span class=\"ez-toc-icon-toggle-span\"><svg style=\"fill: #999;color:#999\" xmlns=\"http:\/\/www.w3.org\/2000\/svg\" class=\"list-377408\" width=\"20px\" height=\"20px\" viewBox=\"0 0 24 24\" fill=\"none\"><path d=\"M6 6H4v2h2V6zm14 0H8v2h12V6zM4 11h2v2H4v-2zm16 0H8v2h12v-2zM4 16h2v2H4v-2zm16 0H8v2h12v-2z\" fill=\"currentColor\"><\/path><\/svg><svg style=\"fill: #999;color:#999\" class=\"arrow-unsorted-368013\" xmlns=\"http:\/\/www.w3.org\/2000\/svg\" width=\"10px\" height=\"10px\" viewBox=\"0 0 24 24\" version=\"1.2\" baseProfile=\"tiny\"><path d=\"M18.2 9.3l-6.2-6.3-6.2 6.3c-.2.2-.3.4-.3.7s.1.5.3.7c.2.2.4.3.7.3h11c.3 0 .5-.1.7-.3.2-.2.3-.5.3-.7s-.1-.5-.3-.7zM5.8 14.7l6.2 6.3 6.2-6.3c.2-.2.3-.5.3-.7s-.1-.5-.3-.7c-.2-.2-.4-.3-.7-.3h-11c-.3 0-.5.1-.7.3-.2.2-.3.5-.3.7s.1.5.3.7z\"\/><\/svg><\/span><\/span><\/span><\/a><\/span><\/div>\n<nav><ul class='ez-toc-list ez-toc-list-level-1 ' ><li class='ez-toc-page-1 ez-toc-heading-level-2'><a class=\"ez-toc-link ez-toc-heading-1\" href=\"https:\/\/patadepeektravel.com\/blog\/que-hacer-en-cancun\/#%C2%BFQue_hacer_en_la_zona_hotelera_de_cancun\" >\u00bfQu\u00e9 hacer en la zona hotelera de canc\u00fan?<\/a><ul class='ez-toc-list-level-3' ><li class='ez-toc-heading-level-3'><a class=\"ez-toc-link ez-toc-heading-2\" href=\"https:\/\/patadepeektravel.com\/blog\/que-hacer-en-cancun\/#1_Ver_el_amanecer_en_playa_delfines_mirador\" >1. Ver el amanecer en playa delfines mirador<\/a><\/li><li class='ez-toc-page-1 ez-toc-heading-level-3'><a class=\"ez-toc-link ez-toc-heading-3\" href=\"https:\/\/patadepeektravel.com\/blog\/que-hacer-en-cancun\/#2_Visitar_la_zona_arqueologica_el_Rey\" >2. Visitar la zona arqueol\u00f3gica el Rey<\/a><\/li><li class='ez-toc-page-1 ez-toc-heading-level-3'><a class=\"ez-toc-link ez-toc-heading-4\" href=\"https:\/\/patadepeektravel.com\/blog\/que-hacer-en-cancun\/#3_Recorrer_plaza_la_Isla_Cancun\" >3. Recorrer plaza la Isla Canc\u00fan<\/a><\/li><li class='ez-toc-page-1 ez-toc-heading-level-3'><a class=\"ez-toc-link ez-toc-heading-5\" href=\"https:\/\/patadepeektravel.com\/blog\/que-hacer-en-cancun\/#4_Museo_Maya_de_Cancun_y_Zona_Arqueologica_de_San_Miguelito\" >4. Museo Maya de Canc\u00fan y Zona Arqueol\u00f3gica de San Miguelito<\/a><\/li><li class='ez-toc-page-1 ez-toc-heading-level-3'><a class=\"ez-toc-link ez-toc-heading-6\" href=\"https:\/\/patadepeektravel.com\/blog\/que-hacer-en-cancun\/#5_Plaza_Forum\" >5. Plaza Forum<\/a><\/li><li class='ez-toc-page-1 ez-toc-heading-level-3'><a class=\"ez-toc-link ez-toc-heading-7\" href=\"https:\/\/patadepeektravel.com\/blog\/que-hacer-en-cancun\/#6_Ver_el_show_en_CocoBongo\" >6. Ver el show en CocoBongo<\/a><\/li><li class='ez-toc-page-1 ez-toc-heading-level-3'><a class=\"ez-toc-link ez-toc-heading-8\" href=\"https:\/\/patadepeektravel.com\/blog\/que-hacer-en-cancun\/#7_Conocer_el_faro_de_cancun\" >7. Conocer el faro de canc\u00fan<\/a><\/li><li class='ez-toc-page-1 ez-toc-heading-level-3'><a class=\"ez-toc-link ez-toc-heading-9\" href=\"https:\/\/patadepeektravel.com\/blog\/que-hacer-en-cancun\/#8_Banarte_en_playa_caracol\" >8. Ba\u00f1arte en playa caracol<\/a><\/li><li class='ez-toc-page-1 ez-toc-heading-level-3'><a class=\"ez-toc-link ez-toc-heading-10\" href=\"https:\/\/patadepeektravel.com\/blog\/que-hacer-en-cancun\/#9_Caminar_en_el_jardin_del_arte_en_cancun\" >9. Caminar en el jard\u00edn del arte en canc\u00fan<\/a><\/li><li class='ez-toc-page-1 ez-toc-heading-level-3'><a class=\"ez-toc-link ez-toc-heading-11\" href=\"https:\/\/patadepeektravel.com\/blog\/que-hacer-en-cancun\/#10_Subirte_a_la_torre_Escenica_de_Cancun\" >10. Subirte a la torre Esc\u00e9nica de Canc\u00fan<\/a><\/li><\/ul><\/li><li class='ez-toc-page-1 ez-toc-heading-level-2'><a class=\"ez-toc-link ez-toc-heading-12\" href=\"https:\/\/patadepeektravel.com\/blog\/que-hacer-en-cancun\/#%C2%BFQue_hacer_en_el_centro_de_cancun\" >\u00bfQu\u00e9 hacer en el centro de canc\u00fan?<\/a><ul class='ez-toc-list-level-3' ><li class='ez-toc-heading-level-3'><a class=\"ez-toc-link ez-toc-heading-13\" href=\"https:\/\/patadepeektravel.com\/blog\/que-hacer-en-cancun\/#11_Parque_las_palapas\" >11. Parque las palapas<\/a><\/li><li class='ez-toc-page-1 ez-toc-heading-level-3'><a class=\"ez-toc-link ez-toc-heading-14\" href=\"https:\/\/patadepeektravel.com\/blog\/que-hacer-en-cancun\/#12_Malecon_las_americas\" >12. Malec\u00f3n las am\u00e9ricas<\/a><\/li><li class='ez-toc-page-1 ez-toc-heading-level-3'><a class=\"ez-toc-link ez-toc-heading-15\" href=\"https:\/\/patadepeektravel.com\/blog\/que-hacer-en-cancun\/#12_Tajamar\" >12. Tajamar<\/a><\/li><li class='ez-toc-page-1 ez-toc-heading-level-3'><a class=\"ez-toc-link ez-toc-heading-16\" href=\"https:\/\/patadepeektravel.com\/blog\/que-hacer-en-cancun\/#13_Mercado_28\" >13. Mercado 28<\/a><\/li><\/ul><\/li><\/ul><\/nav><\/div>\n\t\t\t\t\t\t\t\t<\/div>\n\t\t\t\t<\/div>\n\t\t\t\t\t<\/div>\n\t\t<\/div>\n\t\t\t\t\t<\/div>\n\t\t<\/section>\n\t\t\t\t<section class=\"elementor-section elementor-top-section elementor-element elementor-element-73221be elementor-section-boxed elementor-section-height-default elementor-section-height-default\" data-id=\"73221be\" data-element_type=\"section\">\n\t\t\t\t\t\t<div class=\"elementor-container elementor-column-gap-default\">\n\t\t\t\t\t<div class=\"elementor-column elementor-col-100 elementor-top-column elementor-element elementor-element-c8366c3\" data-id=\"c8366c3\" data-element_type=\"column\">\n\t\t\t<div class=\"elementor-widget-wrap elementor-element-populated\">\n\t\t\t\t\t\t<div class=\"elementor-element elementor-element-230a8d9 elementor-widget elementor-widget-heading\" data-id=\"230a8d9\" data-element_type=\"widget\" data-widget_type=\"heading.default\">\n\t\t\t\t<div class=\"elementor-widget-container\">\n\t\t\t\t\t<h2 class=\"elementor-heading-title elementor-size-default\"><span class=\"ez-toc-section\" id=\"%C2%BFQue_hacer_en_la_zona_hotelera_de_cancun\"><\/span>\u00bfQu\u00e9 hacer en la zona hotelera de canc\u00fan?<span class=\"ez-toc-section-end\"><\/span><\/h2>\t\t\t\t<\/div>\n\t\t\t\t<\/div>\n\t\t\t\t\t<\/div>\n\t\t<\/div>\n\t\t\t\t\t<\/div>\n\t\t<\/section>\n\t\t\t\t<section class=\"elementor-section elementor-top-section elementor-element elementor-element-8a3fb73 elementor-section-boxed elementor-section-height-default elementor-section-height-default\" data-id=\"8a3fb73\" data-element_type=\"section\">\n\t\t\t\t\t\t<div class=\"elementor-container elementor-column-gap-default\">\n\t\t\t\t\t<div class=\"elementor-column elementor-col-100 elementor-top-column elementor-element elementor-element-4f82843\" data-id=\"4f82843\" data-element_type=\"column\">\n\t\t\t<div class=\"elementor-widget-wrap elementor-element-populated\">\n\t\t\t\t\t\t<div class=\"elementor-element elementor-element-229781c elementor-widget elementor-widget-heading\" data-id=\"229781c\" data-element_type=\"widget\" data-widget_type=\"heading.default\">\n\t\t\t\t<div class=\"elementor-widget-container\">\n\t\t\t\t\t<h3 class=\"elementor-heading-title elementor-size-default\"><span class=\"ez-toc-section\" id=\"1_Ver_el_amanecer_en_playa_delfines_mirador\"><\/span>1. Ver el amanecer en playa delfines mirador<span class=\"ez-toc-section-end\"><\/span><\/h3>\t\t\t\t<\/div>\n\t\t\t\t<\/div>\n\t\t\t\t\t<\/div>\n\t\t<\/div>\n\t\t\t\t\t<\/div>\n\t\t<\/section>\n\t\t\t\t<section class=\"elementor-section elementor-top-section elementor-element elementor-element-2187b34 elementor-section-boxed elementor-section-height-default elementor-section-height-default\" data-id=\"2187b34\" data-element_type=\"section\">\n\t\t\t\t\t\t<div class=\"elementor-container elementor-column-gap-default\">\n\t\t\t\t\t<div class=\"elementor-column elementor-col-100 elementor-top-column elementor-element elementor-element-1c88e0d\" data-id=\"1c88e0d\" data-element_type=\"column\">\n\t\t\t<div class=\"elementor-widget-wrap elementor-element-populated\">\n\t\t\t\t\t\t<div class=\"elementor-element elementor-element-1bdb824 elementor-widget elementor-widget-text-editor\" data-id=\"1bdb824\" data-element_type=\"widget\" data-widget_type=\"text-editor.default\">\n\t\t\t\t<div class=\"elementor-widget-container\">\n\t\t\t\t\t\t\t\t\t<p>Algo que si o si tienes que visitar es la playa delfines, una de las mejores de canc\u00fan en donde podr\u00e1s ver el inmenso mar caribe\u00f1o, adem\u00e1s, podr\u00e1s incluso apreciar de una bonita vista al salir el sol el cual te llenara de satisfacci\u00f3n y energ\u00eda para comenzar tu d\u00eda.<\/p>\t\t\t\t\t\t\t\t<\/div>\n\t\t\t\t<\/div>\n\t\t\t\t\t<\/div>\n\t\t<\/div>\n\t\t\t\t\t<\/div>\n\t\t<\/section>\n\t\t\t\t<section class=\"elementor-section elementor-top-section elementor-element elementor-element-19baebe elementor-section-boxed elementor-section-height-default elementor-section-height-default\" data-id=\"19baebe\" data-element_type=\"section\">\n\t\t\t\t\t\t<div class=\"elementor-container elementor-column-gap-default\">\n\t\t\t\t\t<div class=\"elementor-column elementor-col-100 elementor-top-column elementor-element elementor-element-a91254a\" data-id=\"a91254a\" data-element_type=\"column\">\n\t\t\t<div class=\"elementor-widget-wrap\">\n\t\t\t\t\t\t\t<\/div>\n\t\t<\/div>\n\t\t\t\t\t<\/div>\n\t\t<\/section>\n\t\t\t\t<section class=\"elementor-section elementor-top-section elementor-element elementor-element-aed8738 elementor-section-boxed elementor-section-height-default elementor-section-height-default\" data-id=\"aed8738\" data-element_type=\"section\">\n\t\t\t\t\t\t<div class=\"elementor-container elementor-column-gap-default\">\n\t\t\t\t\t<div class=\"elementor-column elementor-col-100 elementor-top-column elementor-element elementor-element-0fda47d\" data-id=\"0fda47d\" data-element_type=\"column\">\n\t\t\t<div class=\"elementor-widget-wrap elementor-element-populated\">\n\t\t\t\t\t\t<div class=\"elementor-element elementor-element-27b02d0 elementor-widget elementor-widget-text-editor\" data-id=\"27b02d0\" data-element_type=\"widget\" data-widget_type=\"text-editor.default\">\n\t\t\t\t<div class=\"elementor-widget-container\">\n\t\t\t\t\t\t\t\t\t<p>Por si fuera poco, en esta playa puedes practicar algunas actividades extremas como el surf, debido a que pueden llegar haber algunas olas ideales para vivir la adrenalina al cien.<\/p><p>Por ultimo tambi\u00e9n podr\u00e1s tomarte una foto en las letras de canc\u00fan, para que as\u00ed puedas lucir las maravillosas vacaciones que tuviste en el caribe mexicano.<\/p>\t\t\t\t\t\t\t\t<\/div>\n\t\t\t\t<\/div>\n\t\t\t\t\t<\/div>\n\t\t<\/div>\n\t\t\t\t\t<\/div>\n\t\t<\/section>\n\t\t\t\t<section class=\"elementor-section elementor-top-section elementor-element elementor-element-9bdc759 elementor-section-boxed elementor-section-height-default elementor-section-height-default\" data-id=\"9bdc759\" data-element_type=\"section\">\n\t\t\t\t\t\t<div class=\"elementor-container elementor-column-gap-default\">\n\t\t\t\t\t<div class=\"elementor-column elementor-col-100 elementor-top-column elementor-element elementor-element-83f809d\" data-id=\"83f809d\" data-element_type=\"column\">\n\t\t\t<div class=\"elementor-widget-wrap elementor-element-populated\">\n\t\t\t\t\t\t<div class=\"elementor-element elementor-element-0f26d9f elementor-widget elementor-widget-image\" data-id=\"0f26d9f\" data-element_type=\"widget\" data-widget_type=\"image.default\">\n\t\t\t\t<div class=\"elementor-widget-container\">\n\t\t\t\t\t\t\t\t\t\t\t\t\t\t\t<img fetchpriority=\"high\" decoding=\"async\" width=\"768\" height=\"512\" src=\"https:\/\/patadepeektravel.com\/blog\/wp-content\/uploads\/tomarse-foto-en-las-letras-de-cancun-scaled-768x512.jpg\" class=\"attachment-medium_large size-medium_large wp-image-259\" alt=\"tomarse foto en las letras de cancun\" srcset=\"https:\/\/patadepeektravel.com\/blog\/wp-content\/uploads\/tomarse-foto-en-las-letras-de-cancun-scaled-768x512.jpg 768w, https:\/\/patadepeektravel.com\/blog\/wp-content\/uploads\/tomarse-foto-en-las-letras-de-cancun-scaled-300x200.jpg 300w, https:\/\/patadepeektravel.com\/blog\/wp-content\/uploads\/tomarse-foto-en-las-letras-de-cancun-scaled-1024x683.jpg 1024w, https:\/\/patadepeektravel.com\/blog\/wp-content\/uploads\/tomarse-foto-en-las-letras-de-cancun-scaled-150x100.jpg 150w, https:\/\/patadepeektravel.com\/blog\/wp-content\/uploads\/tomarse-foto-en-las-letras-de-cancun-scaled-1536x1024.jpg 1536w, https:\/\/patadepeektravel.com\/blog\/wp-content\/uploads\/tomarse-foto-en-las-letras-de-cancun-scaled-2048x1366.jpg 2048w\" sizes=\"(max-width: 768px) 100vw, 768px\" title=\"\">\t\t\t\t\t\t\t\t\t\t\t\t\t\t\t<\/div>\n\t\t\t\t<\/div>\n\t\t\t\t\t<\/div>\n\t\t<\/div>\n\t\t\t\t\t<\/div>\n\t\t<\/section>\n\t\t\t\t<section class=\"elementor-section elementor-top-section elementor-element elementor-element-45c2f1d elementor-section-boxed elementor-section-height-default elementor-section-height-default\" data-id=\"45c2f1d\" data-element_type=\"section\">\n\t\t\t\t\t\t<div class=\"elementor-container elementor-column-gap-default\">\n\t\t\t\t\t<div class=\"elementor-column elementor-col-100 elementor-top-column elementor-element elementor-element-a5cf90a\" data-id=\"a5cf90a\" data-element_type=\"column\">\n\t\t\t<div class=\"elementor-widget-wrap elementor-element-populated\">\n\t\t\t\t\t\t<div class=\"elementor-element elementor-element-ef5ac61 elementor-widget elementor-widget-heading\" data-id=\"ef5ac61\" data-element_type=\"widget\" data-widget_type=\"heading.default\">\n\t\t\t\t<div class=\"elementor-widget-container\">\n\t\t\t\t\t<h3 class=\"elementor-heading-title elementor-size-default\"><span class=\"ez-toc-section\" id=\"2_Visitar_la_zona_arqueologica_el_Rey\"><\/span>2. Visitar la zona arqueol\u00f3gica el Rey<span class=\"ez-toc-section-end\"><\/span><\/h3>\t\t\t\t<\/div>\n\t\t\t\t<\/div>\n\t\t\t\t\t<\/div>\n\t\t<\/div>\n\t\t\t\t\t<\/div>\n\t\t<\/section>\n\t\t\t\t<section class=\"elementor-section elementor-top-section elementor-element elementor-element-c2474d2 elementor-section-boxed elementor-section-height-default elementor-section-height-default\" data-id=\"c2474d2\" data-element_type=\"section\">\n\t\t\t\t\t\t<div class=\"elementor-container elementor-column-gap-default\">\n\t\t\t\t\t<div class=\"elementor-column elementor-col-100 elementor-top-column elementor-element elementor-element-2499a87\" data-id=\"2499a87\" data-element_type=\"column\">\n\t\t\t<div class=\"elementor-widget-wrap elementor-element-populated\">\n\t\t\t\t\t\t<div class=\"elementor-element elementor-element-f90c403 elementor-widget elementor-widget-text-editor\" data-id=\"f90c403\" data-element_type=\"widget\" data-widget_type=\"text-editor.default\">\n\t\t\t\t<div class=\"elementor-widget-container\">\n\t\t\t\t\t\t\t\t\t<p>Despues de haber disfrutado la vista y de un buen ba\u00f1o en playa delfines de canc\u00fan, tal vez te interese llevar a toda tu familia a ver la zona arqueol\u00f3gica el Rey, la cual se encuentra justamente en frente de esta playa. El precio para la entrada a la zona arqueol\u00f3gica es totalmente gratis para todos los mexicanos solamente los domingos y presentando una identificaci\u00f3n oficial, en el caso de extranjeros el precio puede rondar entre los 3 D\u00f3lares.<\/p>\t\t\t\t\t\t\t\t<\/div>\n\t\t\t\t<\/div>\n\t\t\t\t\t<\/div>\n\t\t<\/div>\n\t\t\t\t\t<\/div>\n\t\t<\/section>\n\t\t\t\t<section class=\"elementor-section elementor-top-section elementor-element elementor-element-47dadae elementor-section-boxed elementor-section-height-default elementor-section-height-default\" data-id=\"47dadae\" data-element_type=\"section\">\n\t\t\t\t\t\t<div class=\"elementor-container elementor-column-gap-default\">\n\t\t\t\t\t<div class=\"elementor-column elementor-col-100 elementor-top-column elementor-element elementor-element-3759dc7\" data-id=\"3759dc7\" data-element_type=\"column\">\n\t\t\t<div class=\"elementor-widget-wrap elementor-element-populated\">\n\t\t\t\t\t\t<div class=\"elementor-element elementor-element-c6c04a1 elementor-widget elementor-widget-image\" data-id=\"c6c04a1\" data-element_type=\"widget\" data-widget_type=\"image.default\">\n\t\t\t\t<div class=\"elementor-widget-container\">\n\t\t\t\t\t\t\t\t\t\t\t\t\t\t\t<img decoding=\"async\" width=\"768\" height=\"431\" src=\"https:\/\/patadepeektravel.com\/blog\/wp-content\/uploads\/zona-arqueologica-el-rey-en-cancun-768x431.jpg\" class=\"attachment-medium_large size-medium_large wp-image-269\" alt=\"\" srcset=\"https:\/\/patadepeektravel.com\/blog\/wp-content\/uploads\/zona-arqueologica-el-rey-en-cancun-768x431.jpg 768w, https:\/\/patadepeektravel.com\/blog\/wp-content\/uploads\/zona-arqueologica-el-rey-en-cancun-300x169.jpg 300w, https:\/\/patadepeektravel.com\/blog\/wp-content\/uploads\/zona-arqueologica-el-rey-en-cancun-1024x575.jpg 1024w, https:\/\/patadepeektravel.com\/blog\/wp-content\/uploads\/zona-arqueologica-el-rey-en-cancun-150x84.jpg 150w, https:\/\/patadepeektravel.com\/blog\/wp-content\/uploads\/zona-arqueologica-el-rey-en-cancun.jpg 1200w\" sizes=\"(max-width: 768px) 100vw, 768px\" title=\"\">\t\t\t\t\t\t\t\t\t\t\t\t\t\t\t<\/div>\n\t\t\t\t<\/div>\n\t\t\t\t\t<\/div>\n\t\t<\/div>\n\t\t\t\t\t<\/div>\n\t\t<\/section>\n\t\t\t\t<section class=\"elementor-section elementor-top-section elementor-element elementor-element-feaf9b6 elementor-section-boxed elementor-section-height-default elementor-section-height-default\" data-id=\"feaf9b6\" data-element_type=\"section\">\n\t\t\t\t\t\t<div class=\"elementor-container elementor-column-gap-default\">\n\t\t\t\t\t<div class=\"elementor-column elementor-col-100 elementor-top-column elementor-element elementor-element-d03935c\" data-id=\"d03935c\" data-element_type=\"column\">\n\t\t\t<div class=\"elementor-widget-wrap elementor-element-populated\">\n\t\t\t\t\t\t<div class=\"elementor-element elementor-element-0928c04 elementor-widget elementor-widget-text-editor\" data-id=\"0928c04\" data-element_type=\"widget\" data-widget_type=\"text-editor.default\">\n\t\t\t\t<div class=\"elementor-widget-container\">\n\t\t\t\t\t\t\t\t\t<p>En esta peque\u00f1a zona podr\u00e1s encontrar una gran cantidad de iguanas y algunos monumentos que representan algunos rasgos del caribe. Como recomendaci\u00f3n es importante llevar agua, sombreros o gorras para evitar la insolaci\u00f3n, ademas, aseg\u00farate de llevar calzado c\u00f3modo para que puedas tener una excursi\u00f3n de lo mas placentera, aqui mismo encontraras sanitarios, lo unico malo es que no cuentan con comercios ni vendedores.<\/p>\t\t\t\t\t\t\t\t<\/div>\n\t\t\t\t<\/div>\n\t\t\t\t\t<\/div>\n\t\t<\/div>\n\t\t\t\t\t<\/div>\n\t\t<\/section>\n\t\t\t\t<section class=\"elementor-section elementor-top-section elementor-element elementor-element-3978852 elementor-section-boxed elementor-section-height-default elementor-section-height-default\" data-id=\"3978852\" data-element_type=\"section\">\n\t\t\t\t\t\t<div class=\"elementor-container elementor-column-gap-default\">\n\t\t\t\t\t<div class=\"elementor-column elementor-col-100 elementor-top-column elementor-element elementor-element-da42175\" data-id=\"da42175\" data-element_type=\"column\">\n\t\t\t<div class=\"elementor-widget-wrap elementor-element-populated\">\n\t\t\t\t\t\t<div class=\"elementor-element elementor-element-a97e649 elementor-widget elementor-widget-heading\" data-id=\"a97e649\" data-element_type=\"widget\" data-widget_type=\"heading.default\">\n\t\t\t\t<div class=\"elementor-widget-container\">\n\t\t\t\t\t<h3 class=\"elementor-heading-title elementor-size-default\"><span class=\"ez-toc-section\" id=\"3_Recorrer_plaza_la_Isla_Cancun\"><\/span>3. Recorrer plaza la Isla Canc\u00fan<span class=\"ez-toc-section-end\"><\/span><\/h3>\t\t\t\t<\/div>\n\t\t\t\t<\/div>\n\t\t\t\t\t<\/div>\n\t\t<\/div>\n\t\t\t\t\t<\/div>\n\t\t<\/section>\n\t\t\t\t<section class=\"elementor-section elementor-top-section elementor-element elementor-element-00cdadd elementor-section-boxed elementor-section-height-default elementor-section-height-default\" data-id=\"00cdadd\" data-element_type=\"section\">\n\t\t\t\t\t\t<div class=\"elementor-container elementor-column-gap-default\">\n\t\t\t\t\t<div class=\"elementor-column elementor-col-100 elementor-top-column elementor-element elementor-element-e16ac07\" data-id=\"e16ac07\" data-element_type=\"column\">\n\t\t\t<div class=\"elementor-widget-wrap elementor-element-populated\">\n\t\t\t\t\t\t<div class=\"elementor-element elementor-element-20727f8 elementor-widget elementor-widget-text-editor\" data-id=\"20727f8\" data-element_type=\"widget\" data-widget_type=\"text-editor.default\">\n\t\t\t\t<div class=\"elementor-widget-container\">\n\t\t\t\t\t\t\t\t\t<p>Esta plaza es una de las mejores opciones para dar un paseo con tu pareja, debido a que dentro de ella cuenta con m\u00faltiples canales los cuales hacen un parecido a Venecia, en donde ademas podr\u00e1s apreciar un atardecer maravilloso y tener una velada rom\u00e1ntica.<\/p><p>Ademas, es un lugar lleno de boutiques en donde encontraras una gran cantidad de opciones para comprar lo que m\u00e1s te llame la atenci\u00f3n, otra de las atracciones de plaza la isla es la rueda de la fortuna, en la cual puedes tener una vista panor\u00e1mica de la laguna nichupte.<\/p>\t\t\t\t\t\t\t\t<\/div>\n\t\t\t\t<\/div>\n\t\t\t\t\t<\/div>\n\t\t<\/div>\n\t\t\t\t\t<\/div>\n\t\t<\/section>\n\t\t\t\t<section class=\"elementor-section elementor-top-section elementor-element elementor-element-590795a elementor-section-boxed elementor-section-height-default elementor-section-height-default\" data-id=\"590795a\" data-element_type=\"section\">\n\t\t\t\t\t\t<div class=\"elementor-container elementor-column-gap-default\">\n\t\t\t\t\t<div class=\"elementor-column elementor-col-100 elementor-top-column elementor-element elementor-element-10b8838\" data-id=\"10b8838\" data-element_type=\"column\">\n\t\t\t<div class=\"elementor-widget-wrap\">\n\t\t\t\t\t\t\t<\/div>\n\t\t<\/div>\n\t\t\t\t\t<\/div>\n\t\t<\/section>\n\t\t\t\t<section class=\"elementor-section elementor-top-section elementor-element elementor-element-a456f5d elementor-section-boxed elementor-section-height-default elementor-section-height-default\" data-id=\"a456f5d\" data-element_type=\"section\">\n\t\t\t\t\t\t<div class=\"elementor-container elementor-column-gap-default\">\n\t\t\t\t\t<div class=\"elementor-column elementor-col-100 elementor-top-column elementor-element elementor-element-086d350\" data-id=\"086d350\" data-element_type=\"column\">\n\t\t\t<div class=\"elementor-widget-wrap elementor-element-populated\">\n\t\t\t\t\t\t<div class=\"elementor-element elementor-element-d587baf elementor-widget elementor-widget-heading\" data-id=\"d587baf\" data-element_type=\"widget\" data-widget_type=\"heading.default\">\n\t\t\t\t<div class=\"elementor-widget-container\">\n\t\t\t\t\t<h3 class=\"elementor-heading-title elementor-size-default\"><span class=\"ez-toc-section\" id=\"4_Museo_Maya_de_Cancun_y_Zona_Arqueologica_de_San_Miguelito\"><\/span>4. Museo Maya de Canc\u00fan y Zona Arqueol\u00f3gica de San Miguelito<span class=\"ez-toc-section-end\"><\/span><\/h3>\t\t\t\t<\/div>\n\t\t\t\t<\/div>\n\t\t\t\t\t<\/div>\n\t\t<\/div>\n\t\t\t\t\t<\/div>\n\t\t<\/section>\n\t\t\t\t<section class=\"elementor-section elementor-top-section elementor-element elementor-element-95a66b7 elementor-section-boxed elementor-section-height-default elementor-section-height-default\" data-id=\"95a66b7\" data-element_type=\"section\">\n\t\t\t\t\t\t<div class=\"elementor-container elementor-column-gap-default\">\n\t\t\t\t\t<div class=\"elementor-column elementor-col-100 elementor-top-column elementor-element elementor-element-2dee5e3\" data-id=\"2dee5e3\" data-element_type=\"column\">\n\t\t\t<div class=\"elementor-widget-wrap elementor-element-populated\">\n\t\t\t\t\t\t<div class=\"elementor-element elementor-element-99d5b24 elementor-widget elementor-widget-text-editor\" data-id=\"99d5b24\" data-element_type=\"widget\" data-widget_type=\"text-editor.default\">\n\t\t\t\t<div class=\"elementor-widget-container\">\n\t\t\t\t\t\t\t\t\t<p>Este museo es un espacio de exhibici\u00f3n el cual esta basado sobre la cultura maya la cual esta ubicada en el kil\u00f3metro 16.5 de la zona hotelera de canc\u00fan (Bulevar Kukulc\u00e1n), el precio de este museo es de 4 USD, sin embargo, para mexicanos es gratis los d\u00edas domingos, presentando una identificaci\u00f3n oficial, al adquirir una entrada a este museo tambi\u00e9n tendr\u00e1s acceso a lo que es la zona arqueol\u00f3gica de San Miguelito la cual esta situada a un costado del este mismo.<\/p>\t\t\t\t\t\t\t\t<\/div>\n\t\t\t\t<\/div>\n\t\t\t\t\t<\/div>\n\t\t<\/div>\n\t\t\t\t\t<\/div>\n\t\t<\/section>\n\t\t\t\t<section class=\"elementor-section elementor-top-section elementor-element elementor-element-bfb852f elementor-section-boxed elementor-section-height-default elementor-section-height-default\" data-id=\"bfb852f\" data-element_type=\"section\">\n\t\t\t\t\t\t<div class=\"elementor-container elementor-column-gap-default\">\n\t\t\t\t\t<div class=\"elementor-column elementor-col-100 elementor-top-column elementor-element elementor-element-77f19b3\" data-id=\"77f19b3\" data-element_type=\"column\">\n\t\t\t<div class=\"elementor-widget-wrap elementor-element-populated\">\n\t\t\t\t\t\t<div class=\"elementor-element elementor-element-9443414 elementor-widget elementor-widget-image\" data-id=\"9443414\" data-element_type=\"widget\" data-widget_type=\"image.default\">\n\t\t\t\t<div class=\"elementor-widget-container\">\n\t\t\t\t\t\t\t\t\t\t\t\t\t\t\t<img decoding=\"async\" width=\"768\" height=\"443\" src=\"https:\/\/patadepeektravel.com\/blog\/wp-content\/uploads\/museo-maya-de-cancun-768x443.jpg\" class=\"attachment-medium_large size-medium_large wp-image-294\" alt=\"\" srcset=\"https:\/\/patadepeektravel.com\/blog\/wp-content\/uploads\/museo-maya-de-cancun-768x443.jpg 768w, https:\/\/patadepeektravel.com\/blog\/wp-content\/uploads\/museo-maya-de-cancun-300x173.jpg 300w, https:\/\/patadepeektravel.com\/blog\/wp-content\/uploads\/museo-maya-de-cancun-1024x590.jpg 1024w, https:\/\/patadepeektravel.com\/blog\/wp-content\/uploads\/museo-maya-de-cancun-150x86.jpg 150w, https:\/\/patadepeektravel.com\/blog\/wp-content\/uploads\/museo-maya-de-cancun-1536x885.jpg 1536w, https:\/\/patadepeektravel.com\/blog\/wp-content\/uploads\/museo-maya-de-cancun.jpg 2048w\" sizes=\"(max-width: 768px) 100vw, 768px\" title=\"\">\t\t\t\t\t\t\t\t\t\t\t\t\t\t\t<\/div>\n\t\t\t\t<\/div>\n\t\t\t\t\t<\/div>\n\t\t<\/div>\n\t\t\t\t\t<\/div>\n\t\t<\/section>\n\t\t\t\t<section class=\"elementor-section elementor-top-section elementor-element elementor-element-817109e elementor-section-boxed elementor-section-height-default elementor-section-height-default\" data-id=\"817109e\" data-element_type=\"section\">\n\t\t\t\t\t\t<div class=\"elementor-container elementor-column-gap-default\">\n\t\t\t\t\t<div class=\"elementor-column elementor-col-100 elementor-top-column elementor-element elementor-element-77449c3\" data-id=\"77449c3\" data-element_type=\"column\">\n\t\t\t<div class=\"elementor-widget-wrap elementor-element-populated\">\n\t\t\t\t\t\t<div class=\"elementor-element elementor-element-6262412 elementor-widget elementor-widget-heading\" data-id=\"6262412\" data-element_type=\"widget\" data-widget_type=\"heading.default\">\n\t\t\t\t<div class=\"elementor-widget-container\">\n\t\t\t\t\t<h3 class=\"elementor-heading-title elementor-size-default\"><span class=\"ez-toc-section\" id=\"5_Plaza_Forum\"><\/span>5. Plaza Forum<span class=\"ez-toc-section-end\"><\/span><\/h3>\t\t\t\t<\/div>\n\t\t\t\t<\/div>\n\t\t\t\t\t<\/div>\n\t\t<\/div>\n\t\t\t\t\t<\/div>\n\t\t<\/section>\n\t\t\t\t<section class=\"elementor-section elementor-top-section elementor-element elementor-element-2f88da9 elementor-section-boxed elementor-section-height-default elementor-section-height-default\" data-id=\"2f88da9\" data-element_type=\"section\">\n\t\t\t\t\t\t<div class=\"elementor-container elementor-column-gap-default\">\n\t\t\t\t\t<div class=\"elementor-column elementor-col-100 elementor-top-column elementor-element elementor-element-735e787\" data-id=\"735e787\" data-element_type=\"column\">\n\t\t\t<div class=\"elementor-widget-wrap elementor-element-populated\">\n\t\t\t\t\t\t<div class=\"elementor-element elementor-element-f44d6d5 elementor-widget elementor-widget-text-editor\" data-id=\"f44d6d5\" data-element_type=\"widget\" data-widget_type=\"text-editor.default\">\n\t\t\t\t<div class=\"elementor-widget-container\">\n\t\t\t\t\t\t\t\t\t<p>Ubicada en la zona de antros de la zona hotelera, esta es una de las plazas comerciales que est\u00e1n cerca de una plaza en la cual hay una gran variedad de puestos en los cuales puedes comprar alimentos y pasar un buen d\u00eda, ademas, esta playa tambi\u00e9n conocida como forum, es una de las playas publicas en Canc\u00fan con turistas que deseen tomar un chapuz\u00f3n sin tanto riesgo.<\/p>\t\t\t\t\t\t\t\t<\/div>\n\t\t\t\t<\/div>\n\t\t\t\t\t<\/div>\n\t\t<\/div>\n\t\t\t\t\t<\/div>\n\t\t<\/section>\n\t\t\t\t<section class=\"elementor-section elementor-top-section elementor-element elementor-element-c702ba2 elementor-section-boxed elementor-section-height-default elementor-section-height-default\" data-id=\"c702ba2\" data-element_type=\"section\">\n\t\t\t\t\t\t<div class=\"elementor-container elementor-column-gap-default\">\n\t\t\t\t\t<div class=\"elementor-column elementor-col-50 elementor-top-column elementor-element elementor-element-adac76b\" data-id=\"adac76b\" data-element_type=\"column\">\n\t\t\t<div class=\"elementor-widget-wrap elementor-element-populated\">\n\t\t\t\t\t\t<div class=\"elementor-element elementor-element-67ae2aa elementor-widget elementor-widget-image\" data-id=\"67ae2aa\" data-element_type=\"widget\" data-widget_type=\"image.default\">\n\t\t\t\t<div class=\"elementor-widget-container\">\n\t\t\t\t\t\t\t\t\t\t\t\t\t\t\t<img loading=\"lazy\" decoding=\"async\" width=\"800\" height=\"534\" src=\"https:\/\/patadepeektravel.com\/blog\/wp-content\/uploads\/Playa-forum-cancun-scaled-1024x683.jpg\" class=\"attachment-large size-large wp-image-311\" alt=\"Playa forum canc\u00fan\" srcset=\"https:\/\/patadepeektravel.com\/blog\/wp-content\/uploads\/Playa-forum-cancun-scaled-1024x683.jpg 1024w, https:\/\/patadepeektravel.com\/blog\/wp-content\/uploads\/Playa-forum-cancun-scaled-300x200.jpg 300w, https:\/\/patadepeektravel.com\/blog\/wp-content\/uploads\/Playa-forum-cancun-scaled-150x100.jpg 150w, https:\/\/patadepeektravel.com\/blog\/wp-content\/uploads\/Playa-forum-cancun-scaled-768x512.jpg 768w, https:\/\/patadepeektravel.com\/blog\/wp-content\/uploads\/Playa-forum-cancun-scaled-1536x1024.jpg 1536w, https:\/\/patadepeektravel.com\/blog\/wp-content\/uploads\/Playa-forum-cancun-scaled-2048x1366.jpg 2048w\" sizes=\"(max-width: 800px) 100vw, 800px\" title=\"\">\t\t\t\t\t\t\t\t\t\t\t\t\t\t\t<\/div>\n\t\t\t\t<\/div>\n\t\t\t\t\t<\/div>\n\t\t<\/div>\n\t\t\t\t<div class=\"elementor-column elementor-col-50 elementor-top-column elementor-element elementor-element-c28b276\" data-id=\"c28b276\" data-element_type=\"column\">\n\t\t\t<div class=\"elementor-widget-wrap elementor-element-populated\">\n\t\t\t\t\t\t<div class=\"elementor-element elementor-element-70ee0d6 elementor-widget elementor-widget-image\" data-id=\"70ee0d6\" data-element_type=\"widget\" data-widget_type=\"image.default\">\n\t\t\t\t<div class=\"elementor-widget-container\">\n\t\t\t\t\t\t\t\t\t\t\t\t\t\t\t<img loading=\"lazy\" decoding=\"async\" width=\"800\" height=\"534\" src=\"https:\/\/patadepeektravel.com\/blog\/wp-content\/uploads\/playa-forum-scaled-1024x683.jpg\" class=\"attachment-large size-large wp-image-312\" alt=\"playa forum\" srcset=\"https:\/\/patadepeektravel.com\/blog\/wp-content\/uploads\/playa-forum-scaled-1024x683.jpg 1024w, https:\/\/patadepeektravel.com\/blog\/wp-content\/uploads\/playa-forum-scaled-300x200.jpg 300w, https:\/\/patadepeektravel.com\/blog\/wp-content\/uploads\/playa-forum-scaled-150x100.jpg 150w, https:\/\/patadepeektravel.com\/blog\/wp-content\/uploads\/playa-forum-scaled-768x512.jpg 768w, https:\/\/patadepeektravel.com\/blog\/wp-content\/uploads\/playa-forum-scaled-1536x1024.jpg 1536w, https:\/\/patadepeektravel.com\/blog\/wp-content\/uploads\/playa-forum-scaled-2048x1366.jpg 2048w\" sizes=\"(max-width: 800px) 100vw, 800px\" title=\"\">\t\t\t\t\t\t\t\t\t\t\t\t\t\t\t<\/div>\n\t\t\t\t<\/div>\n\t\t\t\t\t<\/div>\n\t\t<\/div>\n\t\t\t\t\t<\/div>\n\t\t<\/section>\n\t\t\t\t<section class=\"elementor-section elementor-top-section elementor-element elementor-element-c6eba9e elementor-section-boxed elementor-section-height-default elementor-section-height-default\" data-id=\"c6eba9e\" data-element_type=\"section\">\n\t\t\t\t\t\t<div class=\"elementor-container elementor-column-gap-default\">\n\t\t\t\t\t<div class=\"elementor-column elementor-col-100 elementor-top-column elementor-element elementor-element-164c8e8\" data-id=\"164c8e8\" data-element_type=\"column\">\n\t\t\t<div class=\"elementor-widget-wrap elementor-element-populated\">\n\t\t\t\t\t\t<div class=\"elementor-element elementor-element-72b27f4 elementor-widget elementor-widget-heading\" data-id=\"72b27f4\" data-element_type=\"widget\" data-widget_type=\"heading.default\">\n\t\t\t\t<div class=\"elementor-widget-container\">\n\t\t\t\t\t<h3 class=\"elementor-heading-title elementor-size-default\"><span class=\"ez-toc-section\" id=\"6_Ver_el_show_en_CocoBongo\"><\/span>6. Ver el show en CocoBongo<span class=\"ez-toc-section-end\"><\/span><\/h3>\t\t\t\t<\/div>\n\t\t\t\t<\/div>\n\t\t\t\t\t<\/div>\n\t\t<\/div>\n\t\t\t\t\t<\/div>\n\t\t<\/section>\n\t\t\t\t<section class=\"elementor-section elementor-top-section elementor-element elementor-element-a4375fe elementor-section-boxed elementor-section-height-default elementor-section-height-default\" data-id=\"a4375fe\" data-element_type=\"section\">\n\t\t\t\t\t\t<div class=\"elementor-container elementor-column-gap-default\">\n\t\t\t\t\t<div class=\"elementor-column elementor-col-100 elementor-top-column elementor-element elementor-element-a42510b\" data-id=\"a42510b\" data-element_type=\"column\">\n\t\t\t<div class=\"elementor-widget-wrap elementor-element-populated\">\n\t\t\t\t\t\t<div class=\"elementor-element elementor-element-003c7c0 elementor-widget elementor-widget-text-editor\" data-id=\"003c7c0\" data-element_type=\"widget\" data-widget_type=\"text-editor.default\">\n\t\t\t\t<div class=\"elementor-widget-container\">\n\t\t\t\t\t\t\t\t\t<p>Si eres un amante de las fiestas nocturnas este es el lugar ideal para ti, lleno de grandes din\u00e1micas que hacen vibrar todo el lugar.<\/p>\t\t\t\t\t\t\t\t<\/div>\n\t\t\t\t<\/div>\n\t\t\t\t\t<\/div>\n\t\t<\/div>\n\t\t\t\t\t<\/div>\n\t\t<\/section>\n\t\t\t\t<section class=\"elementor-section elementor-top-section elementor-element elementor-element-2019d31 elementor-section-boxed elementor-section-height-default elementor-section-height-default\" data-id=\"2019d31\" data-element_type=\"section\">\n\t\t\t\t\t\t<div class=\"elementor-container elementor-column-gap-default\">\n\t\t\t\t\t<div class=\"elementor-column elementor-col-100 elementor-top-column elementor-element elementor-element-bc64545\" data-id=\"bc64545\" data-element_type=\"column\">\n\t\t\t<div class=\"elementor-widget-wrap elementor-element-populated\">\n\t\t\t\t\t\t<div class=\"elementor-element elementor-element-53c2474 elementor-widget elementor-widget-image\" data-id=\"53c2474\" data-element_type=\"widget\" data-widget_type=\"image.default\">\n\t\t\t\t<div class=\"elementor-widget-container\">\n\t\t\t\t\t\t\t\t\t\t\t\t\t\t\t<img loading=\"lazy\" decoding=\"async\" width=\"768\" height=\"480\" src=\"https:\/\/patadepeektravel.com\/blog\/wp-content\/uploads\/cocobongo-768x480.jpg\" class=\"attachment-medium_large size-medium_large wp-image-314\" alt=\"cocobongo\" srcset=\"https:\/\/patadepeektravel.com\/blog\/wp-content\/uploads\/cocobongo-768x480.jpg 768w, https:\/\/patadepeektravel.com\/blog\/wp-content\/uploads\/cocobongo-300x188.jpg 300w, https:\/\/patadepeektravel.com\/blog\/wp-content\/uploads\/cocobongo-1024x640.jpg 1024w, https:\/\/patadepeektravel.com\/blog\/wp-content\/uploads\/cocobongo-150x94.jpg 150w, https:\/\/patadepeektravel.com\/blog\/wp-content\/uploads\/cocobongo.jpg 1200w\" sizes=\"(max-width: 768px) 100vw, 768px\" title=\"\">\t\t\t\t\t\t\t\t\t\t\t\t\t\t\t<\/div>\n\t\t\t\t<\/div>\n\t\t\t\t\t<\/div>\n\t\t<\/div>\n\t\t\t\t\t<\/div>\n\t\t<\/section>\n\t\t\t\t<section class=\"elementor-section elementor-top-section elementor-element elementor-element-a50fc1e elementor-section-boxed elementor-section-height-default elementor-section-height-default\" data-id=\"a50fc1e\" data-element_type=\"section\">\n\t\t\t\t\t\t<div class=\"elementor-container elementor-column-gap-default\">\n\t\t\t\t\t<div class=\"elementor-column elementor-col-100 elementor-top-column elementor-element elementor-element-c93a518\" data-id=\"c93a518\" data-element_type=\"column\">\n\t\t\t<div class=\"elementor-widget-wrap elementor-element-populated\">\n\t\t\t\t\t\t<div class=\"elementor-element elementor-element-2c4c868 elementor-widget elementor-widget-heading\" data-id=\"2c4c868\" data-element_type=\"widget\" data-widget_type=\"heading.default\">\n\t\t\t\t<div class=\"elementor-widget-container\">\n\t\t\t\t\t<h3 class=\"elementor-heading-title elementor-size-default\"><span class=\"ez-toc-section\" id=\"7_Conocer_el_faro_de_cancun\"><\/span>7. Conocer el faro de canc\u00fan<span class=\"ez-toc-section-end\"><\/span><\/h3>\t\t\t\t<\/div>\n\t\t\t\t<\/div>\n\t\t\t\t\t<\/div>\n\t\t<\/div>\n\t\t\t\t\t<\/div>\n\t\t<\/section>\n\t\t\t\t<section class=\"elementor-section elementor-top-section elementor-element elementor-element-b37a48f elementor-section-boxed elementor-section-height-default elementor-section-height-default\" data-id=\"b37a48f\" data-element_type=\"section\">\n\t\t\t\t\t\t<div class=\"elementor-container elementor-column-gap-default\">\n\t\t\t\t\t<div class=\"elementor-column elementor-col-100 elementor-top-column elementor-element elementor-element-ae015ed\" data-id=\"ae015ed\" data-element_type=\"column\">\n\t\t\t<div class=\"elementor-widget-wrap elementor-element-populated\">\n\t\t\t\t\t\t<div class=\"elementor-element elementor-element-1ca20e0 elementor-widget elementor-widget-text-editor\" data-id=\"1ca20e0\" data-element_type=\"widget\" data-widget_type=\"text-editor.default\">\n\t\t\t\t<div class=\"elementor-widget-container\">\n\t\t\t\t\t\t\t\t\t<p>Sin duda alguna, otro lugar majestuoso que debes visitar en canc\u00fan es el faro de punta canc\u00fan, el lugar perfecto en donde podr\u00edas incluso nadar y practicar snorkel debido que a un costado de este hay playas con una profundidad aceptable y con pocas olas, mientras que del otro lado podr\u00e1s ver un poco mas de olas y sentir chocar las brisas en tu rostro, un lugar con dos lados muy hermosos.<\/p>\t\t\t\t\t\t\t\t<\/div>\n\t\t\t\t<\/div>\n\t\t\t\t\t<\/div>\n\t\t<\/div>\n\t\t\t\t\t<\/div>\n\t\t<\/section>\n\t\t\t\t<section class=\"elementor-section elementor-top-section elementor-element elementor-element-2d334b1 elementor-section-boxed elementor-section-height-default elementor-section-height-default\" data-id=\"2d334b1\" data-element_type=\"section\">\n\t\t\t\t\t\t<div class=\"elementor-container elementor-column-gap-default\">\n\t\t\t\t\t<div class=\"elementor-column elementor-col-50 elementor-top-column elementor-element elementor-element-83c9081\" data-id=\"83c9081\" data-element_type=\"column\">\n\t\t\t<div class=\"elementor-widget-wrap elementor-element-populated\">\n\t\t\t\t\t\t<div class=\"elementor-element elementor-element-42394a2 elementor-widget elementor-widget-image\" data-id=\"42394a2\" data-element_type=\"widget\" data-widget_type=\"image.default\">\n\t\t\t\t<div class=\"elementor-widget-container\">\n\t\t\t\t\t\t\t\t\t\t\t\t\t\t\t<img loading=\"lazy\" decoding=\"async\" width=\"800\" height=\"534\" src=\"https:\/\/patadepeektravel.com\/blog\/wp-content\/uploads\/El-faro-de-cancun-scaled-1024x683.jpg\" class=\"attachment-large size-large wp-image-319\" alt=\"El faro de canc\u00fan\" srcset=\"https:\/\/patadepeektravel.com\/blog\/wp-content\/uploads\/El-faro-de-cancun-scaled-1024x683.jpg 1024w, https:\/\/patadepeektravel.com\/blog\/wp-content\/uploads\/El-faro-de-cancun-scaled-300x200.jpg 300w, https:\/\/patadepeektravel.com\/blog\/wp-content\/uploads\/El-faro-de-cancun-scaled-150x100.jpg 150w, https:\/\/patadepeektravel.com\/blog\/wp-content\/uploads\/El-faro-de-cancun-scaled-768x512.jpg 768w, https:\/\/patadepeektravel.com\/blog\/wp-content\/uploads\/El-faro-de-cancun-scaled-1536x1024.jpg 1536w, https:\/\/patadepeektravel.com\/blog\/wp-content\/uploads\/El-faro-de-cancun-scaled-2048x1366.jpg 2048w\" sizes=\"(max-width: 800px) 100vw, 800px\" title=\"\">\t\t\t\t\t\t\t\t\t\t\t\t\t\t\t<\/div>\n\t\t\t\t<\/div>\n\t\t\t\t\t<\/div>\n\t\t<\/div>\n\t\t\t\t<div class=\"elementor-column elementor-col-50 elementor-top-column elementor-element elementor-element-2e84d4e\" data-id=\"2e84d4e\" data-element_type=\"column\">\n\t\t\t<div class=\"elementor-widget-wrap elementor-element-populated\">\n\t\t\t\t\t\t<div class=\"elementor-element elementor-element-dea11d8 elementor-widget elementor-widget-image\" data-id=\"dea11d8\" data-element_type=\"widget\" data-widget_type=\"image.default\">\n\t\t\t\t<div class=\"elementor-widget-container\">\n\t\t\t\t\t\t\t\t\t\t\t\t\t\t\t<img loading=\"lazy\" decoding=\"async\" width=\"800\" height=\"449\" src=\"https:\/\/patadepeektravel.com\/blog\/wp-content\/uploads\/como-es-la-vista-en-el-faro-scaled-1024x575.jpg\" class=\"attachment-large size-large wp-image-320\" alt=\"como es la vista en el faro\" srcset=\"https:\/\/patadepeektravel.com\/blog\/wp-content\/uploads\/como-es-la-vista-en-el-faro-scaled-1024x575.jpg 1024w, https:\/\/patadepeektravel.com\/blog\/wp-content\/uploads\/como-es-la-vista-en-el-faro-scaled-300x168.jpg 300w, https:\/\/patadepeektravel.com\/blog\/wp-content\/uploads\/como-es-la-vista-en-el-faro-scaled-150x84.jpg 150w, https:\/\/patadepeektravel.com\/blog\/wp-content\/uploads\/como-es-la-vista-en-el-faro-scaled-768x431.jpg 768w, https:\/\/patadepeektravel.com\/blog\/wp-content\/uploads\/como-es-la-vista-en-el-faro-scaled-1536x862.jpg 1536w, https:\/\/patadepeektravel.com\/blog\/wp-content\/uploads\/como-es-la-vista-en-el-faro-scaled-2048x1150.jpg 2048w\" sizes=\"(max-width: 800px) 100vw, 800px\" title=\"\">\t\t\t\t\t\t\t\t\t\t\t\t\t\t\t<\/div>\n\t\t\t\t<\/div>\n\t\t\t\t\t<\/div>\n\t\t<\/div>\n\t\t\t\t\t<\/div>\n\t\t<\/section>\n\t\t\t\t<section class=\"elementor-section elementor-top-section elementor-element elementor-element-b24ba3f elementor-section-boxed elementor-section-height-default elementor-section-height-default\" data-id=\"b24ba3f\" data-element_type=\"section\">\n\t\t\t\t\t\t<div class=\"elementor-container elementor-column-gap-default\">\n\t\t\t\t\t<div class=\"elementor-column elementor-col-100 elementor-top-column elementor-element elementor-element-f36ae24\" data-id=\"f36ae24\" data-element_type=\"column\">\n\t\t\t<div class=\"elementor-widget-wrap elementor-element-populated\">\n\t\t\t\t\t\t<div class=\"elementor-element elementor-element-9d883db elementor-widget elementor-widget-heading\" data-id=\"9d883db\" data-element_type=\"widget\" data-widget_type=\"heading.default\">\n\t\t\t\t<div class=\"elementor-widget-container\">\n\t\t\t\t\t<h3 class=\"elementor-heading-title elementor-size-default\"><span class=\"ez-toc-section\" id=\"8_Banarte_en_playa_caracol\"><\/span>8. Ba\u00f1arte en playa caracol<span class=\"ez-toc-section-end\"><\/span><\/h3>\t\t\t\t<\/div>\n\t\t\t\t<\/div>\n\t\t\t\t\t<\/div>\n\t\t<\/div>\n\t\t\t\t\t<\/div>\n\t\t<\/section>\n\t\t\t\t<section class=\"elementor-section elementor-top-section elementor-element elementor-element-0611217 elementor-section-boxed elementor-section-height-default elementor-section-height-default\" data-id=\"0611217\" data-element_type=\"section\">\n\t\t\t\t\t\t<div class=\"elementor-container elementor-column-gap-default\">\n\t\t\t\t\t<div class=\"elementor-column elementor-col-100 elementor-top-column elementor-element elementor-element-e6fad5a\" data-id=\"e6fad5a\" data-element_type=\"column\">\n\t\t\t<div class=\"elementor-widget-wrap elementor-element-populated\">\n\t\t\t\t\t\t<div class=\"elementor-element elementor-element-77ab732 elementor-widget elementor-widget-text-editor\" data-id=\"77ab732\" data-element_type=\"widget\" data-widget_type=\"text-editor.default\">\n\t\t\t\t<div class=\"elementor-widget-container\">\n\t\t\t\t\t\t\t\t\t<p>Acompa\u00f1ado o solo, sin duda, playa caracol se ajustara a tu estilo, una playa con aguas tranquilas en donde hasta los peque\u00f1os pueden nadar tranquilamente, en esta playa hay una gran cantidad de tiendas en las que podr\u00edas comprar lo que gustes y disfrutarlo en una palapa (mayormente las palapas tienen un costo extra con camastros).<\/p>\t\t\t\t\t\t\t\t<\/div>\n\t\t\t\t<\/div>\n\t\t\t\t\t<\/div>\n\t\t<\/div>\n\t\t\t\t\t<\/div>\n\t\t<\/section>\n\t\t\t\t<section class=\"elementor-section elementor-top-section elementor-element elementor-element-34f5f54 elementor-section-boxed elementor-section-height-default elementor-section-height-default\" data-id=\"34f5f54\" data-element_type=\"section\">\n\t\t\t\t\t\t<div class=\"elementor-container elementor-column-gap-default\">\n\t\t\t\t\t<div class=\"elementor-column elementor-col-33 elementor-top-column elementor-element elementor-element-2df26e4\" data-id=\"2df26e4\" data-element_type=\"column\">\n\t\t\t<div class=\"elementor-widget-wrap elementor-element-populated\">\n\t\t\t\t\t\t<div class=\"elementor-element elementor-element-07d7e40 elementor-widget elementor-widget-image\" data-id=\"07d7e40\" data-element_type=\"widget\" data-widget_type=\"image.default\">\n\t\t\t\t<div class=\"elementor-widget-container\">\n\t\t\t\t\t\t\t\t\t\t\t\t\t\t\t<img loading=\"lazy\" decoding=\"async\" width=\"800\" height=\"534\" src=\"https:\/\/patadepeektravel.com\/blog\/wp-content\/uploads\/Playa-caracol-scaled-1024x683.jpg\" class=\"attachment-large size-large wp-image-330\" alt=\"Playa caracol\" srcset=\"https:\/\/patadepeektravel.com\/blog\/wp-content\/uploads\/Playa-caracol-scaled-1024x683.jpg 1024w, https:\/\/patadepeektravel.com\/blog\/wp-content\/uploads\/Playa-caracol-scaled-300x200.jpg 300w, https:\/\/patadepeektravel.com\/blog\/wp-content\/uploads\/Playa-caracol-scaled-150x100.jpg 150w, https:\/\/patadepeektravel.com\/blog\/wp-content\/uploads\/Playa-caracol-scaled-768x512.jpg 768w, https:\/\/patadepeektravel.com\/blog\/wp-content\/uploads\/Playa-caracol-scaled-1536x1024.jpg 1536w, https:\/\/patadepeektravel.com\/blog\/wp-content\/uploads\/Playa-caracol-scaled-2048x1366.jpg 2048w\" sizes=\"(max-width: 800px) 100vw, 800px\" title=\"\">\t\t\t\t\t\t\t\t\t\t\t\t\t\t\t<\/div>\n\t\t\t\t<\/div>\n\t\t\t\t\t<\/div>\n\t\t<\/div>\n\t\t\t\t<div class=\"elementor-column elementor-col-33 elementor-top-column elementor-element elementor-element-d8f4929\" data-id=\"d8f4929\" data-element_type=\"column\">\n\t\t\t<div class=\"elementor-widget-wrap elementor-element-populated\">\n\t\t\t\t\t\t<div class=\"elementor-element elementor-element-66790a4 elementor-widget elementor-widget-image\" data-id=\"66790a4\" data-element_type=\"widget\" data-widget_type=\"image.default\">\n\t\t\t\t<div class=\"elementor-widget-container\">\n\t\t\t\t\t\t\t\t\t\t\t\t\t\t\t<img loading=\"lazy\" decoding=\"async\" width=\"800\" height=\"534\" src=\"https:\/\/patadepeektravel.com\/blog\/wp-content\/uploads\/Muelle-de-playa-caracol-scaled-1024x683.jpg\" class=\"attachment-large size-large wp-image-331\" alt=\"Muelle de playa caracol\" srcset=\"https:\/\/patadepeektravel.com\/blog\/wp-content\/uploads\/Muelle-de-playa-caracol-scaled-1024x683.jpg 1024w, https:\/\/patadepeektravel.com\/blog\/wp-content\/uploads\/Muelle-de-playa-caracol-scaled-300x200.jpg 300w, https:\/\/patadepeektravel.com\/blog\/wp-content\/uploads\/Muelle-de-playa-caracol-scaled-150x100.jpg 150w, https:\/\/patadepeektravel.com\/blog\/wp-content\/uploads\/Muelle-de-playa-caracol-scaled-768x512.jpg 768w, https:\/\/patadepeektravel.com\/blog\/wp-content\/uploads\/Muelle-de-playa-caracol-scaled-1536x1024.jpg 1536w, https:\/\/patadepeektravel.com\/blog\/wp-content\/uploads\/Muelle-de-playa-caracol-scaled-2048x1366.jpg 2048w\" sizes=\"(max-width: 800px) 100vw, 800px\" title=\"\">\t\t\t\t\t\t\t\t\t\t\t\t\t\t\t<\/div>\n\t\t\t\t<\/div>\n\t\t\t\t\t<\/div>\n\t\t<\/div>\n\t\t\t\t<div class=\"elementor-column elementor-col-33 elementor-top-column elementor-element elementor-element-091a7bf\" data-id=\"091a7bf\" data-element_type=\"column\">\n\t\t\t<div class=\"elementor-widget-wrap elementor-element-populated\">\n\t\t\t\t\t\t<div class=\"elementor-element elementor-element-bbaa06c elementor-widget elementor-widget-image\" data-id=\"bbaa06c\" data-element_type=\"widget\" data-widget_type=\"image.default\">\n\t\t\t\t<div class=\"elementor-widget-container\">\n\t\t\t\t\t\t\t\t\t\t\t\t\t\t\t<img loading=\"lazy\" decoding=\"async\" width=\"800\" height=\"534\" src=\"https:\/\/patadepeektravel.com\/blog\/wp-content\/uploads\/Beach-caracol-scaled-1024x683.jpg\" class=\"attachment-large size-large wp-image-332\" alt=\"\" srcset=\"https:\/\/patadepeektravel.com\/blog\/wp-content\/uploads\/Beach-caracol-scaled-1024x683.jpg 1024w, https:\/\/patadepeektravel.com\/blog\/wp-content\/uploads\/Beach-caracol-scaled-300x200.jpg 300w, https:\/\/patadepeektravel.com\/blog\/wp-content\/uploads\/Beach-caracol-scaled-150x100.jpg 150w, https:\/\/patadepeektravel.com\/blog\/wp-content\/uploads\/Beach-caracol-scaled-768x512.jpg 768w, https:\/\/patadepeektravel.com\/blog\/wp-content\/uploads\/Beach-caracol-scaled-1536x1024.jpg 1536w, https:\/\/patadepeektravel.com\/blog\/wp-content\/uploads\/Beach-caracol-scaled-2048x1366.jpg 2048w\" sizes=\"(max-width: 800px) 100vw, 800px\" title=\"\">\t\t\t\t\t\t\t\t\t\t\t\t\t\t\t<\/div>\n\t\t\t\t<\/div>\n\t\t\t\t\t<\/div>\n\t\t<\/div>\n\t\t\t\t\t<\/div>\n\t\t<\/section>\n\t\t\t\t<section class=\"elementor-section elementor-top-section elementor-element elementor-element-2320f56 elementor-section-boxed elementor-section-height-default elementor-section-height-default\" data-id=\"2320f56\" data-element_type=\"section\">\n\t\t\t\t\t\t<div class=\"elementor-container elementor-column-gap-default\">\n\t\t\t\t\t<div class=\"elementor-column elementor-col-100 elementor-top-column elementor-element elementor-element-fd8a436\" data-id=\"fd8a436\" data-element_type=\"column\">\n\t\t\t<div class=\"elementor-widget-wrap elementor-element-populated\">\n\t\t\t\t\t\t<div class=\"elementor-element elementor-element-43230f3 elementor-widget elementor-widget-heading\" data-id=\"43230f3\" data-element_type=\"widget\" data-widget_type=\"heading.default\">\n\t\t\t\t<div class=\"elementor-widget-container\">\n\t\t\t\t\t<h3 class=\"elementor-heading-title elementor-size-default\"><span class=\"ez-toc-section\" id=\"9_Caminar_en_el_jardin_del_arte_en_cancun\"><\/span>9. Caminar en el jard\u00edn del arte en canc\u00fan<span class=\"ez-toc-section-end\"><\/span><\/h3>\t\t\t\t<\/div>\n\t\t\t\t<\/div>\n\t\t\t\t\t<\/div>\n\t\t<\/div>\n\t\t\t\t\t<\/div>\n\t\t<\/section>\n\t\t\t\t<section class=\"elementor-section elementor-top-section elementor-element elementor-element-f7f785e elementor-section-boxed elementor-section-height-default elementor-section-height-default\" data-id=\"f7f785e\" data-element_type=\"section\">\n\t\t\t\t\t\t<div class=\"elementor-container elementor-column-gap-default\">\n\t\t\t\t\t<div class=\"elementor-column elementor-col-100 elementor-top-column elementor-element elementor-element-dd39473\" data-id=\"dd39473\" data-element_type=\"column\">\n\t\t\t<div class=\"elementor-widget-wrap elementor-element-populated\">\n\t\t\t\t\t\t<div class=\"elementor-element elementor-element-b66b273 elementor-widget elementor-widget-text-editor\" data-id=\"b66b273\" data-element_type=\"widget\" data-widget_type=\"text-editor.default\">\n\t\t\t\t<div class=\"elementor-widget-container\">\n\t\t\t\t\t\t\t\t\t<p>Si eres una de las personas que ama salir a correr por las ma\u00f1anas o dar un paseo por las noches, el jard\u00edn del arte te llenara de energ\u00edas debido a que es uno de los lugares m\u00e1s tranquilos de la zona hotelera, en el cual incluso puedes llevar una casa de campa\u00f1a o una hamaca para pasar la noche ah\u00ed mismo, este lugar cuenta con una gran cantidad de casas en donde puedes llegar y descansar, tambi\u00e9n durante el recorrido podr\u00e1s tomar un descanso en las sillas que est\u00e1n colocadas en puntos estrat\u00e9gicos. El acceso a este lugar es gratuito para todo el mundo.<\/p>\t\t\t\t\t\t\t\t<\/div>\n\t\t\t\t<\/div>\n\t\t\t\t\t<\/div>\n\t\t<\/div>\n\t\t\t\t\t<\/div>\n\t\t<\/section>\n\t\t\t\t<section class=\"elementor-section elementor-top-section elementor-element elementor-element-bc14da7 elementor-section-boxed elementor-section-height-default elementor-section-height-default\" data-id=\"bc14da7\" data-element_type=\"section\">\n\t\t\t\t\t\t<div class=\"elementor-container elementor-column-gap-default\">\n\t\t\t\t\t<div class=\"elementor-column elementor-col-50 elementor-top-column elementor-element elementor-element-1457591\" data-id=\"1457591\" data-element_type=\"column\">\n\t\t\t<div class=\"elementor-widget-wrap elementor-element-populated\">\n\t\t\t\t\t\t<div class=\"elementor-element elementor-element-30c94eb elementor-widget elementor-widget-image\" data-id=\"30c94eb\" data-element_type=\"widget\" data-widget_type=\"image.default\">\n\t\t\t\t<div class=\"elementor-widget-container\">\n\t\t\t\t\t\t\t\t\t\t\t\t\t\t\t<img loading=\"lazy\" decoding=\"async\" width=\"660\" height=\"337\" src=\"https:\/\/patadepeektravel.com\/blog\/wp-content\/uploads\/jardin-del-arte-en-cancun.jpg\" class=\"attachment-large size-large wp-image-346\" alt=\"\" srcset=\"https:\/\/patadepeektravel.com\/blog\/wp-content\/uploads\/jardin-del-arte-en-cancun.jpg 660w, https:\/\/patadepeektravel.com\/blog\/wp-content\/uploads\/jardin-del-arte-en-cancun-300x153.jpg 300w, https:\/\/patadepeektravel.com\/blog\/wp-content\/uploads\/jardin-del-arte-en-cancun-150x77.jpg 150w\" sizes=\"(max-width: 660px) 100vw, 660px\" title=\"\">\t\t\t\t\t\t\t\t\t\t\t\t\t\t\t<\/div>\n\t\t\t\t<\/div>\n\t\t\t\t\t<\/div>\n\t\t<\/div>\n\t\t\t\t<div class=\"elementor-column elementor-col-50 elementor-top-column elementor-element elementor-element-3dee69f\" data-id=\"3dee69f\" data-element_type=\"column\">\n\t\t\t<div class=\"elementor-widget-wrap elementor-element-populated\">\n\t\t\t\t\t\t<div class=\"elementor-element elementor-element-abe666f elementor-widget elementor-widget-image\" data-id=\"abe666f\" data-element_type=\"widget\" data-widget_type=\"image.default\">\n\t\t\t\t<div class=\"elementor-widget-container\">\n\t\t\t\t\t\t\t\t\t\t\t\t\t\t\t<img loading=\"lazy\" decoding=\"async\" width=\"600\" height=\"400\" src=\"https:\/\/patadepeektravel.com\/blog\/wp-content\/uploads\/jardin-del-arte.jpg\" class=\"attachment-full size-full wp-image-347\" alt=\"\" srcset=\"https:\/\/patadepeektravel.com\/blog\/wp-content\/uploads\/jardin-del-arte.jpg 600w, https:\/\/patadepeektravel.com\/blog\/wp-content\/uploads\/jardin-del-arte-300x200.jpg 300w, https:\/\/patadepeektravel.com\/blog\/wp-content\/uploads\/jardin-del-arte-150x100.jpg 150w\" sizes=\"(max-width: 600px) 100vw, 600px\" title=\"\">\t\t\t\t\t\t\t\t\t\t\t\t\t\t\t<\/div>\n\t\t\t\t<\/div>\n\t\t\t\t\t<\/div>\n\t\t<\/div>\n\t\t\t\t\t<\/div>\n\t\t<\/section>\n\t\t\t\t<section class=\"elementor-section elementor-top-section elementor-element elementor-element-a995a8a elementor-section-boxed elementor-section-height-default elementor-section-height-default\" data-id=\"a995a8a\" data-element_type=\"section\">\n\t\t\t\t\t\t<div class=\"elementor-container elementor-column-gap-default\">\n\t\t\t\t\t<div class=\"elementor-column elementor-col-100 elementor-top-column elementor-element elementor-element-c9e9f53\" data-id=\"c9e9f53\" data-element_type=\"column\">\n\t\t\t<div class=\"elementor-widget-wrap elementor-element-populated\">\n\t\t\t\t\t\t<div class=\"elementor-element elementor-element-81f4d3c elementor-widget elementor-widget-heading\" data-id=\"81f4d3c\" data-element_type=\"widget\" data-widget_type=\"heading.default\">\n\t\t\t\t<div class=\"elementor-widget-container\">\n\t\t\t\t\t<h3 class=\"elementor-heading-title elementor-size-default\"><span class=\"ez-toc-section\" id=\"10_Subirte_a_la_torre_Escenica_de_Cancun\"><\/span>10. Subirte a la torre Esc\u00e9nica de Canc\u00fan<span class=\"ez-toc-section-end\"><\/span><\/h3>\t\t\t\t<\/div>\n\t\t\t\t<\/div>\n\t\t\t\t\t<\/div>\n\t\t<\/div>\n\t\t\t\t\t<\/div>\n\t\t<\/section>\n\t\t\t\t<section class=\"elementor-section elementor-top-section elementor-element elementor-element-be295f5 elementor-section-boxed elementor-section-height-default elementor-section-height-default\" data-id=\"be295f5\" data-element_type=\"section\">\n\t\t\t\t\t\t<div class=\"elementor-container elementor-column-gap-default\">\n\t\t\t\t\t<div class=\"elementor-column elementor-col-100 elementor-top-column elementor-element elementor-element-442aab8\" data-id=\"442aab8\" data-element_type=\"column\">\n\t\t\t<div class=\"elementor-widget-wrap elementor-element-populated\">\n\t\t\t\t\t\t<div class=\"elementor-element elementor-element-80d388f elementor-widget elementor-widget-text-editor\" data-id=\"80d388f\" data-element_type=\"widget\" data-widget_type=\"text-editor.default\">\n\t\t\t\t<div class=\"elementor-widget-container\">\n\t\t\t\t\t\t\t\t\t<p>Otra de las cosas que deber\u00edas de hacer en Canc\u00fan es subirte a la torre esc\u00e9nica donde podr\u00e1s ver desde las alturas toda la zona hotelera, esta torre se encuentra a un costado del jard\u00edn del arte por donde est\u00e1n las embarcaciones del barco pirata, as\u00ed mismo, cuanta con una altura de hasta 80 metros y gira 360 grados, as\u00ed que si eres una de las personas que le tiene miedo a las alturas es mejor que lo pienses dos veces. el precio de la torre esc\u00e9nica puede rondar entre los 18 a 20 USD dependiendo de la temporada.<\/p>\t\t\t\t\t\t\t\t<\/div>\n\t\t\t\t<\/div>\n\t\t\t\t\t<\/div>\n\t\t<\/div>\n\t\t\t\t\t<\/div>\n\t\t<\/section>\n\t\t\t\t<section class=\"elementor-section elementor-top-section elementor-element elementor-element-7abea44 elementor-section-boxed elementor-section-height-default elementor-section-height-default\" data-id=\"7abea44\" data-element_type=\"section\">\n\t\t\t\t\t\t<div class=\"elementor-container elementor-column-gap-default\">\n\t\t\t\t\t<div class=\"elementor-column elementor-col-50 elementor-top-column elementor-element elementor-element-65442d0\" data-id=\"65442d0\" data-element_type=\"column\">\n\t\t\t<div class=\"elementor-widget-wrap elementor-element-populated\">\n\t\t\t\t\t\t<div class=\"elementor-element elementor-element-aa63d60 elementor-widget elementor-widget-image\" data-id=\"aa63d60\" data-element_type=\"widget\" data-widget_type=\"image.default\">\n\t\t\t\t<div class=\"elementor-widget-container\">\n\t\t\t\t\t\t\t\t\t\t\t\t\t\t\t<img loading=\"lazy\" decoding=\"async\" width=\"640\" height=\"329\" src=\"https:\/\/patadepeektravel.com\/blog\/wp-content\/uploads\/torre-escenica-cancun.webp\" class=\"attachment-large size-large wp-image-357\" alt=\"torre escenica cancun\" srcset=\"https:\/\/patadepeektravel.com\/blog\/wp-content\/uploads\/torre-escenica-cancun.webp 640w, https:\/\/patadepeektravel.com\/blog\/wp-content\/uploads\/torre-escenica-cancun-300x154.webp 300w, https:\/\/patadepeektravel.com\/blog\/wp-content\/uploads\/torre-escenica-cancun-150x77.webp 150w\" sizes=\"(max-width: 640px) 100vw, 640px\" title=\"\">\t\t\t\t\t\t\t\t\t\t\t\t\t\t\t<\/div>\n\t\t\t\t<\/div>\n\t\t\t\t\t<\/div>\n\t\t<\/div>\n\t\t\t\t<div class=\"elementor-column elementor-col-50 elementor-top-column elementor-element elementor-element-54a7596\" data-id=\"54a7596\" data-element_type=\"column\">\n\t\t\t<div class=\"elementor-widget-wrap elementor-element-populated\">\n\t\t\t\t\t\t<div class=\"elementor-element elementor-element-c62e59d elementor-widget elementor-widget-image\" data-id=\"c62e59d\" data-element_type=\"widget\" data-widget_type=\"image.default\">\n\t\t\t\t<div class=\"elementor-widget-container\">\n\t\t\t\t\t\t\t\t\t\t\t\t\t\t\t<img loading=\"lazy\" decoding=\"async\" width=\"200\" height=\"300\" src=\"https:\/\/patadepeektravel.com\/blog\/wp-content\/uploads\/torre-escenica-cancun-200x300.jpg\" class=\"attachment-medium size-medium wp-image-358\" alt=\"\" srcset=\"https:\/\/patadepeektravel.com\/blog\/wp-content\/uploads\/torre-escenica-cancun-200x300.jpg 200w, https:\/\/patadepeektravel.com\/blog\/wp-content\/uploads\/torre-escenica-cancun-100x150.jpg 100w, https:\/\/patadepeektravel.com\/blog\/wp-content\/uploads\/torre-escenica-cancun.jpg 683w\" sizes=\"(max-width: 200px) 100vw, 200px\" title=\"\">\t\t\t\t\t\t\t\t\t\t\t\t\t\t\t<\/div>\n\t\t\t\t<\/div>\n\t\t\t\t\t<\/div>\n\t\t<\/div>\n\t\t\t\t\t<\/div>\n\t\t<\/section>\n\t\t\t\t<section class=\"elementor-section elementor-top-section elementor-element elementor-element-2ce22f0 elementor-section-boxed elementor-section-height-default elementor-section-height-default\" data-id=\"2ce22f0\" data-element_type=\"section\">\n\t\t\t\t\t\t<div class=\"elementor-container elementor-column-gap-default\">\n\t\t\t\t\t<div class=\"elementor-column elementor-col-100 elementor-top-column elementor-element elementor-element-f030d79\" data-id=\"f030d79\" data-element_type=\"column\">\n\t\t\t<div class=\"elementor-widget-wrap elementor-element-populated\">\n\t\t\t\t\t\t<div class=\"elementor-element elementor-element-9b0ab68 elementor-widget elementor-widget-heading\" data-id=\"9b0ab68\" data-element_type=\"widget\" data-widget_type=\"heading.default\">\n\t\t\t\t<div class=\"elementor-widget-container\">\n\t\t\t\t\t<h2 class=\"elementor-heading-title elementor-size-default\"><span class=\"ez-toc-section\" id=\"%C2%BFQue_hacer_en_el_centro_de_cancun\"><\/span>\u00bfQu\u00e9 hacer en el centro de canc\u00fan?<span class=\"ez-toc-section-end\"><\/span><\/h2>\t\t\t\t<\/div>\n\t\t\t\t<\/div>\n\t\t\t\t\t<\/div>\n\t\t<\/div>\n\t\t\t\t\t<\/div>\n\t\t<\/section>\n\t\t\t\t<section class=\"elementor-section elementor-top-section elementor-element elementor-element-80790c0 elementor-section-boxed elementor-section-height-default elementor-section-height-default\" data-id=\"80790c0\" data-element_type=\"section\">\n\t\t\t\t\t\t<div class=\"elementor-container elementor-column-gap-default\">\n\t\t\t\t\t<div class=\"elementor-column elementor-col-100 elementor-top-column elementor-element elementor-element-0f73878\" data-id=\"0f73878\" data-element_type=\"column\">\n\t\t\t<div class=\"elementor-widget-wrap elementor-element-populated\">\n\t\t\t\t\t\t<div class=\"elementor-element elementor-element-6832bfc elementor-widget elementor-widget-heading\" data-id=\"6832bfc\" data-element_type=\"widget\" data-widget_type=\"heading.default\">\n\t\t\t\t<div class=\"elementor-widget-container\">\n\t\t\t\t\t<h3 class=\"elementor-heading-title elementor-size-default\"><span class=\"ez-toc-section\" id=\"11_Parque_las_palapas\"><\/span>11. Parque las palapas<span class=\"ez-toc-section-end\"><\/span><\/h3>\t\t\t\t<\/div>\n\t\t\t\t<\/div>\n\t\t\t\t\t<\/div>\n\t\t<\/div>\n\t\t\t\t\t<\/div>\n\t\t<\/section>\n\t\t\t\t<section class=\"elementor-section elementor-top-section elementor-element elementor-element-13a187a elementor-section-boxed elementor-section-height-default elementor-section-height-default\" data-id=\"13a187a\" data-element_type=\"section\">\n\t\t\t\t\t\t<div class=\"elementor-container elementor-column-gap-default\">\n\t\t\t\t\t<div class=\"elementor-column elementor-col-100 elementor-top-column elementor-element elementor-element-67977e8\" data-id=\"67977e8\" data-element_type=\"column\">\n\t\t\t<div class=\"elementor-widget-wrap elementor-element-populated\">\n\t\t\t\t\t\t<div class=\"elementor-element elementor-element-85cf8fe elementor-widget elementor-widget-text-editor\" data-id=\"85cf8fe\" data-element_type=\"widget\" data-widget_type=\"text-editor.default\">\n\t\t\t\t<div class=\"elementor-widget-container\">\n\t\t\t\t\t\t\t\t\t<p>Un lugar muy lleno de vida durante las noches, en donde podr\u00e1s encontrar una gran cantidad de puestos ambulantes y de comida, ideal para toda la familia, en este parque encontraras desde comediantes hasta bailes folcl\u00f3ricos en algunas ocasiones.<\/p><p>Adem\u00e1s, cerca de ah\u00ed podr\u00e1s encontrar tambi\u00e9n algunos antros para pasar una noche divertida si es tu caso, no te pierdas la oportunidad de visitar este parque.<\/p>\t\t\t\t\t\t\t\t<\/div>\n\t\t\t\t<\/div>\n\t\t\t\t\t<\/div>\n\t\t<\/div>\n\t\t\t\t\t<\/div>\n\t\t<\/section>\n\t\t\t\t<section class=\"elementor-section elementor-top-section elementor-element elementor-element-c3874e5 elementor-section-boxed elementor-section-height-default elementor-section-height-default\" data-id=\"c3874e5\" data-element_type=\"section\">\n\t\t\t\t\t\t<div class=\"elementor-container elementor-column-gap-default\">\n\t\t\t\t\t<div class=\"elementor-column elementor-col-50 elementor-top-column elementor-element elementor-element-25f4012\" data-id=\"25f4012\" data-element_type=\"column\">\n\t\t\t<div class=\"elementor-widget-wrap elementor-element-populated\">\n\t\t\t\t\t\t<div class=\"elementor-element elementor-element-365b291 elementor-widget elementor-widget-image\" data-id=\"365b291\" data-element_type=\"widget\" data-widget_type=\"image.default\">\n\t\t\t\t<div class=\"elementor-widget-container\">\n\t\t\t\t\t\t\t\t\t\t\t\t\t\t\t<img loading=\"lazy\" decoding=\"async\" width=\"768\" height=\"576\" src=\"https:\/\/patadepeektravel.com\/blog\/wp-content\/uploads\/Parque-de-Las-Palapas-Cancun-768x576.webp\" class=\"attachment-medium_large size-medium_large wp-image-375\" alt=\"Parque-de-Las-Palapas-Cancun\" srcset=\"https:\/\/patadepeektravel.com\/blog\/wp-content\/uploads\/Parque-de-Las-Palapas-Cancun-768x576.webp 768w, https:\/\/patadepeektravel.com\/blog\/wp-content\/uploads\/Parque-de-Las-Palapas-Cancun-300x225.webp 300w, https:\/\/patadepeektravel.com\/blog\/wp-content\/uploads\/Parque-de-Las-Palapas-Cancun-150x113.webp 150w, https:\/\/patadepeektravel.com\/blog\/wp-content\/uploads\/Parque-de-Las-Palapas-Cancun.webp 1024w\" sizes=\"(max-width: 768px) 100vw, 768px\" title=\"\">\t\t\t\t\t\t\t\t\t\t\t\t\t\t\t<\/div>\n\t\t\t\t<\/div>\n\t\t\t\t\t<\/div>\n\t\t<\/div>\n\t\t\t\t<div class=\"elementor-column elementor-col-50 elementor-top-column elementor-element elementor-element-c51beb2\" data-id=\"c51beb2\" data-element_type=\"column\">\n\t\t\t<div class=\"elementor-widget-wrap elementor-element-populated\">\n\t\t\t\t\t\t<div class=\"elementor-element elementor-element-e280745 elementor-widget elementor-widget-image\" data-id=\"e280745\" data-element_type=\"widget\" data-widget_type=\"image.default\">\n\t\t\t\t<div class=\"elementor-widget-container\">\n\t\t\t\t\t\t\t\t\t\t\t\t\t\t\t<img loading=\"lazy\" decoding=\"async\" width=\"650\" height=\"431\" src=\"https:\/\/patadepeektravel.com\/blog\/wp-content\/uploads\/parque-las-palapas.jpg\" class=\"attachment-large size-large wp-image-376\" alt=\"parque las palapas\" srcset=\"https:\/\/patadepeektravel.com\/blog\/wp-content\/uploads\/parque-las-palapas.jpg 650w, https:\/\/patadepeektravel.com\/blog\/wp-content\/uploads\/parque-las-palapas-300x199.jpg 300w, https:\/\/patadepeektravel.com\/blog\/wp-content\/uploads\/parque-las-palapas-150x99.jpg 150w\" sizes=\"(max-width: 650px) 100vw, 650px\" title=\"\">\t\t\t\t\t\t\t\t\t\t\t\t\t\t\t<\/div>\n\t\t\t\t<\/div>\n\t\t\t\t\t<\/div>\n\t\t<\/div>\n\t\t\t\t\t<\/div>\n\t\t<\/section>\n\t\t\t\t<section class=\"elementor-section elementor-top-section elementor-element elementor-element-5be733e elementor-section-boxed elementor-section-height-default elementor-section-height-default\" data-id=\"5be733e\" data-element_type=\"section\">\n\t\t\t\t\t\t<div class=\"elementor-container elementor-column-gap-default\">\n\t\t\t\t\t<div class=\"elementor-column elementor-col-100 elementor-top-column elementor-element elementor-element-9a6ad81\" data-id=\"9a6ad81\" data-element_type=\"column\">\n\t\t\t<div class=\"elementor-widget-wrap elementor-element-populated\">\n\t\t\t\t\t\t<div class=\"elementor-element elementor-element-8bdf2a9 elementor-widget elementor-widget-heading\" data-id=\"8bdf2a9\" data-element_type=\"widget\" data-widget_type=\"heading.default\">\n\t\t\t\t<div class=\"elementor-widget-container\">\n\t\t\t\t\t<h3 class=\"elementor-heading-title elementor-size-default\"><span class=\"ez-toc-section\" id=\"12_Malecon_las_americas\"><\/span>12. Malec\u00f3n las am\u00e9ricas<span class=\"ez-toc-section-end\"><\/span><\/h3>\t\t\t\t<\/div>\n\t\t\t\t<\/div>\n\t\t\t\t\t<\/div>\n\t\t<\/div>\n\t\t\t\t\t<\/div>\n\t\t<\/section>\n\t\t\t\t<section class=\"elementor-section elementor-top-section elementor-element elementor-element-3ad85b3 elementor-section-boxed elementor-section-height-default elementor-section-height-default\" data-id=\"3ad85b3\" data-element_type=\"section\">\n\t\t\t\t\t\t<div class=\"elementor-container elementor-column-gap-default\">\n\t\t\t\t\t<div class=\"elementor-column elementor-col-100 elementor-top-column elementor-element elementor-element-91d1b95\" data-id=\"91d1b95\" data-element_type=\"column\">\n\t\t\t<div class=\"elementor-widget-wrap elementor-element-populated\">\n\t\t\t\t\t\t<div class=\"elementor-element elementor-element-1333857 elementor-widget elementor-widget-text-editor\" data-id=\"1333857\" data-element_type=\"widget\" data-widget_type=\"text-editor.default\">\n\t\t\t\t<div class=\"elementor-widget-container\">\n\t\t\t\t\t\t\t\t\t<p>Si tus intenciones son visitar los centros comerciales o tal vez tomar un caf\u00e9, el malec\u00f3n te sorprender\u00e1, porque aqu\u00ed podr\u00e1s encontrar una gran variedad de restaurantes con distintos tipos de comida.<\/p>\t\t\t\t\t\t\t\t<\/div>\n\t\t\t\t<\/div>\n\t\t\t\t\t<\/div>\n\t\t<\/div>\n\t\t\t\t\t<\/div>\n\t\t<\/section>\n\t\t\t\t<section class=\"elementor-section elementor-top-section elementor-element elementor-element-16846b3 elementor-section-boxed elementor-section-height-default elementor-section-height-default\" data-id=\"16846b3\" data-element_type=\"section\">\n\t\t\t\t\t\t<div class=\"elementor-container elementor-column-gap-default\">\n\t\t\t\t\t<div class=\"elementor-column elementor-col-100 elementor-top-column elementor-element elementor-element-3fe66d1\" data-id=\"3fe66d1\" data-element_type=\"column\">\n\t\t\t<div class=\"elementor-widget-wrap elementor-element-populated\">\n\t\t\t\t\t\t<div class=\"elementor-element elementor-element-62fc77e elementor-widget elementor-widget-image\" data-id=\"62fc77e\" data-element_type=\"widget\" data-widget_type=\"image.default\">\n\t\t\t\t<div class=\"elementor-widget-container\">\n\t\t\t\t\t\t\t\t\t\t\t\t\t\t\t<img loading=\"lazy\" decoding=\"async\" width=\"768\" height=\"512\" src=\"https:\/\/patadepeektravel.com\/blog\/wp-content\/uploads\/malecon-las-americas-768x512.webp\" class=\"attachment-medium_large size-medium_large wp-image-392\" alt=\"malecon las americas\" srcset=\"https:\/\/patadepeektravel.com\/blog\/wp-content\/uploads\/malecon-las-americas-768x512.webp 768w, https:\/\/patadepeektravel.com\/blog\/wp-content\/uploads\/malecon-las-americas-300x200.webp 300w, https:\/\/patadepeektravel.com\/blog\/wp-content\/uploads\/malecon-las-americas-1024x683.webp 1024w, https:\/\/patadepeektravel.com\/blog\/wp-content\/uploads\/malecon-las-americas-150x100.webp 150w, https:\/\/patadepeektravel.com\/blog\/wp-content\/uploads\/malecon-las-americas.webp 1500w\" sizes=\"(max-width: 768px) 100vw, 768px\" title=\"\">\t\t\t\t\t\t\t\t\t\t\t\t\t\t\t<\/div>\n\t\t\t\t<\/div>\n\t\t\t\t\t<\/div>\n\t\t<\/div>\n\t\t\t\t\t<\/div>\n\t\t<\/section>\n\t\t\t\t<section class=\"elementor-section elementor-top-section elementor-element elementor-element-9ade019 elementor-section-boxed elementor-section-height-default elementor-section-height-default\" data-id=\"9ade019\" data-element_type=\"section\">\n\t\t\t\t\t\t<div class=\"elementor-container elementor-column-gap-default\">\n\t\t\t\t\t<div class=\"elementor-column elementor-col-100 elementor-top-column elementor-element elementor-element-7f1db81\" data-id=\"7f1db81\" data-element_type=\"column\">\n\t\t\t<div class=\"elementor-widget-wrap elementor-element-populated\">\n\t\t\t\t\t\t<div class=\"elementor-element elementor-element-2581a18 elementor-widget elementor-widget-heading\" data-id=\"2581a18\" data-element_type=\"widget\" data-widget_type=\"heading.default\">\n\t\t\t\t<div class=\"elementor-widget-container\">\n\t\t\t\t\t<h3 class=\"elementor-heading-title elementor-size-default\"><span class=\"ez-toc-section\" id=\"12_Tajamar\"><\/span>12. Tajamar<span class=\"ez-toc-section-end\"><\/span><\/h3>\t\t\t\t<\/div>\n\t\t\t\t<\/div>\n\t\t\t\t\t<\/div>\n\t\t<\/div>\n\t\t\t\t\t<\/div>\n\t\t<\/section>\n\t\t\t\t<section class=\"elementor-section elementor-top-section elementor-element elementor-element-ec41740 elementor-section-boxed elementor-section-height-default elementor-section-height-default\" data-id=\"ec41740\" data-element_type=\"section\">\n\t\t\t\t\t\t<div class=\"elementor-container elementor-column-gap-default\">\n\t\t\t\t\t<div class=\"elementor-column elementor-col-100 elementor-top-column elementor-element elementor-element-468a11b\" data-id=\"468a11b\" data-element_type=\"column\">\n\t\t\t<div class=\"elementor-widget-wrap elementor-element-populated\">\n\t\t\t\t\t\t<div class=\"elementor-element elementor-element-c9e006c elementor-widget elementor-widget-text-editor\" data-id=\"c9e006c\" data-element_type=\"widget\" data-widget_type=\"text-editor.default\">\n\t\t\t\t<div class=\"elementor-widget-container\">\n\t\t\t\t\t\t\t\t\t<p>Recorre Tajamar y disfruta de la bella vista hacia la laguna nichupte, este andador se encuentra frente al malec\u00f3n de las am\u00e9ricas y es ideal para ir a caminar con la familia o pareja, en este lugar tendr\u00e1s un poco de contacto con la fauna del lugar y disfrutaras del aire que proviene de la laguna.<\/p>\t\t\t\t\t\t\t\t<\/div>\n\t\t\t\t<\/div>\n\t\t\t\t\t<\/div>\n\t\t<\/div>\n\t\t\t\t\t<\/div>\n\t\t<\/section>\n\t\t\t\t<section class=\"elementor-section elementor-top-section elementor-element elementor-element-580a76c elementor-section-boxed elementor-section-height-default elementor-section-height-default\" data-id=\"580a76c\" data-element_type=\"section\">\n\t\t\t\t\t\t<div class=\"elementor-container elementor-column-gap-default\">\n\t\t\t\t\t<div class=\"elementor-column elementor-col-100 elementor-top-column elementor-element elementor-element-5751fa2\" data-id=\"5751fa2\" data-element_type=\"column\">\n\t\t\t<div class=\"elementor-widget-wrap elementor-element-populated\">\n\t\t\t\t\t\t<div class=\"elementor-element elementor-element-bcca36c elementor-widget elementor-widget-image\" data-id=\"bcca36c\" data-element_type=\"widget\" data-widget_type=\"image.default\">\n\t\t\t\t<div class=\"elementor-widget-container\">\n\t\t\t\t\t\t\t\t\t\t\t\t\t\t\t<img loading=\"lazy\" decoding=\"async\" width=\"768\" height=\"497\" src=\"https:\/\/patadepeektravel.com\/blog\/wp-content\/uploads\/malecon-tajamar-en-cancun-768x497.jpg\" class=\"attachment-medium_large size-medium_large wp-image-400\" alt=\"malecon tajamar en cancun\" srcset=\"https:\/\/patadepeektravel.com\/blog\/wp-content\/uploads\/malecon-tajamar-en-cancun-768x497.jpg 768w, https:\/\/patadepeektravel.com\/blog\/wp-content\/uploads\/malecon-tajamar-en-cancun-300x194.jpg 300w, https:\/\/patadepeektravel.com\/blog\/wp-content\/uploads\/malecon-tajamar-en-cancun-150x97.jpg 150w, https:\/\/patadepeektravel.com\/blog\/wp-content\/uploads\/malecon-tajamar-en-cancun.jpg 1023w\" sizes=\"(max-width: 768px) 100vw, 768px\" title=\"\">\t\t\t\t\t\t\t\t\t\t\t\t\t\t\t<\/div>\n\t\t\t\t<\/div>\n\t\t\t\t\t<\/div>\n\t\t<\/div>\n\t\t\t\t\t<\/div>\n\t\t<\/section>\n\t\t\t\t<section class=\"elementor-section elementor-top-section elementor-element elementor-element-40ca05a elementor-section-boxed elementor-section-height-default elementor-section-height-default\" data-id=\"40ca05a\" data-element_type=\"section\">\n\t\t\t\t\t\t<div class=\"elementor-container elementor-column-gap-default\">\n\t\t\t\t\t<div class=\"elementor-column elementor-col-100 elementor-top-column elementor-element elementor-element-8077c8a\" data-id=\"8077c8a\" data-element_type=\"column\">\n\t\t\t<div class=\"elementor-widget-wrap elementor-element-populated\">\n\t\t\t\t\t\t<div class=\"elementor-element elementor-element-b5850ce elementor-widget elementor-widget-heading\" data-id=\"b5850ce\" data-element_type=\"widget\" data-widget_type=\"heading.default\">\n\t\t\t\t<div class=\"elementor-widget-container\">\n\t\t\t\t\t<h3 class=\"elementor-heading-title elementor-size-default\"><span class=\"ez-toc-section\" id=\"13_Mercado_28\"><\/span>13. Mercado 28<span class=\"ez-toc-section-end\"><\/span><\/h3>\t\t\t\t<\/div>\n\t\t\t\t<\/div>\n\t\t\t\t\t<\/div>\n\t\t<\/div>\n\t\t\t\t\t<\/div>\n\t\t<\/section>\n\t\t\t\t<section class=\"elementor-section elementor-top-section elementor-element elementor-element-1ea89b5 elementor-section-boxed elementor-section-height-default elementor-section-height-default\" data-id=\"1ea89b5\" data-element_type=\"section\">\n\t\t\t\t\t\t<div class=\"elementor-container elementor-column-gap-default\">\n\t\t\t\t\t<div class=\"elementor-column elementor-col-100 elementor-top-column elementor-element elementor-element-b8f04f0\" data-id=\"b8f04f0\" data-element_type=\"column\">\n\t\t\t<div class=\"elementor-widget-wrap elementor-element-populated\">\n\t\t\t\t\t\t<div class=\"elementor-element elementor-element-07835b4 elementor-widget elementor-widget-text-editor\" data-id=\"07835b4\" data-element_type=\"widget\" data-widget_type=\"text-editor.default\">\n\t\t\t\t<div class=\"elementor-widget-container\">\n\t\t\t\t\t\t\t\t\t<p>El lugar perfecto para comprar alg\u00fan souvenir durante tu visita a canc\u00fan, este lugar alberga una gran cantidad de tiendas en las cuales podr\u00e1s comprar algunos recuerdos, regalos y entre otras cosas.<\/p><p>Entre todas estas tiendas de souvenirs tambi\u00e9n destacan los distintos restaurantes en su mayor\u00eda con distintos platillos echos a base de mariscos los cuales de te dejaran boquiabierto de la riqueza gastron\u00f3mica con la que cuenta el caribe mexicano.<\/p>\t\t\t\t\t\t\t\t<\/div>\n\t\t\t\t<\/div>\n\t\t\t\t\t<\/div>\n\t\t<\/div>\n\t\t\t\t\t<\/div>\n\t\t<\/section>\n\t\t\t\t<section class=\"elementor-section elementor-top-section elementor-element elementor-element-0577dc4 elementor-section-boxed elementor-section-height-default elementor-section-height-default\" data-id=\"0577dc4\" data-element_type=\"section\">\n\t\t\t\t\t\t<div class=\"elementor-container elementor-column-gap-default\">\n\t\t\t\t\t<div class=\"elementor-column elementor-col-50 elementor-top-column elementor-element elementor-element-9809278\" data-id=\"9809278\" data-element_type=\"column\">\n\t\t\t<div class=\"elementor-widget-wrap elementor-element-populated\">\n\t\t\t\t\t\t<div class=\"elementor-element elementor-element-eef5d8a elementor-widget elementor-widget-image\" data-id=\"eef5d8a\" data-element_type=\"widget\" data-widget_type=\"image.default\">\n\t\t\t\t<div class=\"elementor-widget-container\">\n\t\t\t\t\t\t\t\t\t\t\t\t\t\t\t<img loading=\"lazy\" decoding=\"async\" width=\"800\" height=\"600\" src=\"https:\/\/patadepeektravel.com\/blog\/wp-content\/uploads\/mercado-28-en-cancun-1024x768.webp\" class=\"attachment-large size-large wp-image-431\" alt=\"mercado 28 en cancun\" srcset=\"https:\/\/patadepeektravel.com\/blog\/wp-content\/uploads\/mercado-28-en-cancun-1024x768.webp 1024w, https:\/\/patadepeektravel.com\/blog\/wp-content\/uploads\/mercado-28-en-cancun-300x225.webp 300w, https:\/\/patadepeektravel.com\/blog\/wp-content\/uploads\/mercado-28-en-cancun-150x113.webp 150w, https:\/\/patadepeektravel.com\/blog\/wp-content\/uploads\/mercado-28-en-cancun-768x576.webp 768w, https:\/\/patadepeektravel.com\/blog\/wp-content\/uploads\/mercado-28-en-cancun.webp 1200w\" sizes=\"(max-width: 800px) 100vw, 800px\" title=\"\">\t\t\t\t\t\t\t\t\t\t\t\t\t\t\t<\/div>\n\t\t\t\t<\/div>\n\t\t\t\t\t<\/div>\n\t\t<\/div>\n\t\t\t\t<div class=\"elementor-column elementor-col-50 elementor-top-column elementor-element elementor-element-2d556d1\" data-id=\"2d556d1\" data-element_type=\"column\">\n\t\t\t<div class=\"elementor-widget-wrap elementor-element-populated\">\n\t\t\t\t\t\t<div class=\"elementor-element elementor-element-2aae91f elementor-widget elementor-widget-image\" data-id=\"2aae91f\" data-element_type=\"widget\" data-widget_type=\"image.default\">\n\t\t\t\t<div class=\"elementor-widget-container\">\n\t\t\t\t\t\t\t\t\t\t\t\t\t\t\t<img loading=\"lazy\" decoding=\"async\" width=\"480\" height=\"360\" src=\"https:\/\/patadepeektravel.com\/blog\/wp-content\/uploads\/artesanias-en-el-mercado-28-de-cancun.webp\" class=\"attachment-large size-large wp-image-432\" alt=\"\" srcset=\"https:\/\/patadepeektravel.com\/blog\/wp-content\/uploads\/artesanias-en-el-mercado-28-de-cancun.webp 480w, https:\/\/patadepeektravel.com\/blog\/wp-content\/uploads\/artesanias-en-el-mercado-28-de-cancun-300x225.webp 300w, https:\/\/patadepeektravel.com\/blog\/wp-content\/uploads\/artesanias-en-el-mercado-28-de-cancun-150x113.webp 150w\" sizes=\"(max-width: 480px) 100vw, 480px\" title=\"\">\t\t\t\t\t\t\t\t\t\t\t\t\t\t\t<\/div>\n\t\t\t\t<\/div>\n\t\t\t\t\t<\/div>\n\t\t<\/div>\n\t\t\t\t\t<\/div>\n\t\t<\/section>\n\t\t\t\t<section class=\"elementor-section elementor-top-section elementor-element elementor-element-d2a6471 elementor-section-boxed elementor-section-height-default elementor-section-height-default\" data-id=\"d2a6471\" data-element_type=\"section\">\n\t\t\t\t\t\t<div class=\"elementor-container elementor-column-gap-default\">\n\t\t\t\t\t<div class=\"elementor-column elementor-col-100 elementor-top-column elementor-element elementor-element-8db50f0\" data-id=\"8db50f0\" data-element_type=\"column\">\n\t\t\t<div class=\"elementor-widget-wrap elementor-element-populated\">\n\t\t\t\t\t\t<div class=\"elementor-element elementor-element-95be485 elementor-widget elementor-widget-html\" data-id=\"95be485\" data-element_type=\"widget\" data-widget_type=\"html.default\">\n\t\t\t\t<div class=\"elementor-widget-container\">\n\t\t\t\t\t<iframe src=\"https:\/\/www.google.com\/maps\/d\/u\/0\/embed?mid=1NqSoM1_IZZt-CWG82aaA8xwmlDi03B8&ehbc=2E312F\" width=\"640\" height=\"480\"><\/iframe>\t\t\t\t<\/div>\n\t\t\t\t<\/div>\n\t\t\t\t\t<\/div>\n\t\t<\/div>\n\t\t\t\t\t<\/div>\n\t\t<\/section>\n\t\t\t\t<\/div>\n\t\t<div style='text-align:right' class='yasr-auto-insert-visitor'><\/div>","protected":false},"excerpt":{"rendered":"<p>Tal vez ya est\u00e9s planeando tus pr\u00f3ximas vacaciones y en tu mente esta pasando disfrutar del caribe mexicano pero no solo quieres viajar sin tener un plan y lo que quieres es disfrutar al m\u00e1ximo los d\u00edas que est\u00e9s aqu\u00ed, pues haz llegado al sitio correcto en donde te mostraremos lo mejor que puedes hacer [&hellip;]<\/p>\n","protected":false},"author":1,"featured_media":512,"comment_status":"open","ping_status":"closed","sticky":false,"template":"","format":"standard","meta":{"yasr_overall_rating":0,"yasr_post_is_review":"","yasr_auto_insert_disabled":"","yasr_review_type":"","footnotes":""},"categories":[108,111],"tags":[],"class_list":["post-222","post","type-post","status-publish","format-standard","has-post-thumbnail","hentry","category-cancun","category-recomendaciones"],"yasr_visitor_votes":{"stars_attributes":{"read_only":false,"span_bottom":false},"number_of_votes":1,"sum_votes":5},"_links":{"self":[{"href":"https:\/\/patadepeektravel.com\/blog\/wp-json\/wp\/v2\/posts\/222","targetHints":{"allow":["GET"]}}],"collection":[{"href":"https:\/\/patadepeektravel.com\/blog\/wp-json\/wp\/v2\/posts"}],"about":[{"href":"https:\/\/patadepeektravel.com\/blog\/wp-json\/wp\/v2\/types\/post"}],"author":[{"embeddable":true,"href":"https:\/\/patadepeektravel.com\/blog\/wp-json\/wp\/v2\/users\/1"}],"replies":[{"embeddable":true,"href":"https:\/\/patadepeektravel.com\/blog\/wp-json\/wp\/v2\/comments?post=222"}],"version-history":[{"count":0,"href":"https:\/\/patadepeektravel.com\/blog\/wp-json\/wp\/v2\/posts\/222\/revisions"}],"wp:featuredmedia":[{"embeddable":true,"href":"https:\/\/patadepeektravel.com\/blog\/wp-json\/wp\/v2\/media\/512"}],"wp:attachment":[{"href":"https:\/\/patadepeektravel.com\/blog\/wp-json\/wp\/v2\/media?parent=222"}],"wp:term":[{"taxonomy":"category","embeddable":true,"href":"https:\/\/patadepeektravel.com\/blog\/wp-json\/wp\/v2\/categories?post=222"},{"taxonomy":"post_tag","embeddable":true,"href":"https:\/\/patadepeektravel.com\/blog\/wp-json\/wp\/v2\/tags?post=222"}],"curies":[{"name":"wp","href":"https:\/\/api.w.org\/{rel}","templated":true}]}}